{"id":908,"date":"2020-05-12T10:17:46","date_gmt":"2020-05-12T08:17:46","guid":{"rendered":"https:\/\/sucurriculum.com\/noticias\/?p=908"},"modified":"2020-05-12T10:17:46","modified_gmt":"2020-05-12T08:17:46","slug":"costco-creara-250-empleos-con-su-nuevo-centro-de-distribucion-de-las-rozas","status":"publish","type":"post","link":"https:\/\/sucurriculum.com\/noticias\/costco-creara-250-empleos-con-su-nuevo-centro-de-distribucion-de-las-rozas\/","title":{"rendered":"Costco crear\u00e1 250 empleos con su nuevo centro de distribuci\u00f3n de Las Rozas"},"content":{"rendered":"\n<p>La pasada Junta de Gobierno, celebrada el viernes 7 de febrero, dio luz verde al convenio entre el Ayuntamiento de Las Rozas y la compa\u00f1\u00eda Costco Wholesale Spain para la promoci\u00f3n del empleo. Se trata de un convenio que est\u00e1 activo actualmente con otras 144 empresas radicadas en la localidad y que pretende fomentar y promocionar el empleo, as\u00ed como la colaboraci\u00f3n con las empresas del municipio dando visibilidad a la oferta de empleo generada en el mismo.<\/p>\n\n\n\n<p>Costco est\u00e1 construyendo en la actualidad un nuevo centro de distribuci\u00f3n en Las Rozas, ubicado frente a El Montecillo, junto a la v\u00eda de servicio de la A-6, sentido noroeste. Este centro, que seg\u00fan las previsiones abrir\u00eda sus puertas al p\u00fablico en verano, contar\u00e1 con una superficie de 14.000 metros cuadrados y dar\u00e1 empleo a unos 250 trabajadores. Si bien la compa\u00f1\u00eda ya ha confirmado que muchos de estos puestos se dotar\u00e1n mediante recursos propios, el nuevo convenio firmado con el Ayuntamiento permitir\u00e1 a Costco recurrir a la bolsa de empleo municipal cuando as\u00ed lo considere necesario, para poder cubrir determinados puestos con empleo local y de forma \u00e1gil. Por otro lado, el Ayuntamiento se beneficia de la incorporaci\u00f3n a su servicio de intermediaci\u00f3n laboral de una gran empresa, lo repercutir\u00e1 en una mayor oferta de empleo para los roce\u00f1os.<\/p>\n\n\n\n<p>193 personas encontraron trabajo a trav\u00e9s de la agencia en 2019<br>La bolsa de empleo municipal de Las Rozas cuenta actualmente con 1.608 demandantes de empleo y 144 empresas inscritas que recurren a ella para sus vacantes. Durante el a\u00f1o pasado 193 personas, con una mayor\u00eda de mujeres, lograron encontrar trabajo gracias a este servicio y en lo que va de a\u00f1o son ya m\u00e1s de 20 los nuevos empleados.<\/p>\n\n\n\n<p>Este servicio de intermediaci\u00f3n laborar forma parte de un completo ecosistema de promoci\u00f3n de empleo en Las Rozas al que se suman programas de orientaci\u00f3n laboral, programas de empleo y formaci\u00f3n on line, o las Smart Schools, destinadas a potenciar las capacidades y vocaciones de los m\u00e1s j\u00f3venes.<\/p>\n\n\n\n<p>Adem\u00e1s, m\u00e1s de 1.100 personas participaron el a\u00f1o pasado en los programas de desarrollo empresarial, que incluyen jornadas, cursos y asesoramiento para empresas y emprendedores. En total fueron m\u00e1s de 5.000 personas las que pasaron por alguno de estos servicios municipales durante el a\u00f1o pasado.<\/p>\n","protected":false},"excerpt":{"rendered":"<p>Este centro, que seg\u00fan las previsiones abrir\u00eda sus puertas al p\u00fablico en verano, contar\u00e1 con una superficie de 14.000 metros cuadrados y dar\u00e1 empleo a unos 250 trabajadores. <\/p>\n","protected":false},"author":2,"featured_media":909,"comment_status":"open","ping_status":"open","sticky":false,"template":"","format":"standard","meta":{"footnotes":""},"categories":[65],"tags":[710,707,709,711,137,712],"class_list":["post-908","post","type-post","status-publish","format-standard","has-post-thumbnail","hentry","category-ofertas-de-empleo","tag-710","tag-centro","tag-costco","tag-distribucion","tag-empleo","tag-rozas"],"amp_enabled":true,"_links":{"self":[{"href":"https:\/\/sucurriculum.com\/noticias\/wp-json\/wp\/v2\/posts\/908","targetHints":{"allow":["GET"]}}],"collection":[{"href":"https:\/\/sucurriculum.com\/noticias\/wp-json\/wp\/v2\/posts"}],"about":[{"href":"https:\/\/sucurriculum.com\/noticias\/wp-json\/wp\/v2\/types\/post"}],"author":[{"embeddable":true,"href":"https:\/\/sucurriculum.com\/noticias\/wp-json\/wp\/v2\/users\/2"}],"replies":[{"embeddable":true,"href":"https:\/\/sucurriculum.com\/noticias\/wp-json\/wp\/v2\/comments?post=908"}],"version-history":[{"count":1,"href":"https:\/\/sucurriculum.com\/noticias\/wp-json\/wp\/v2\/posts\/908\/revisions"}],"predecessor-version":[{"id":910,"href":"https:\/\/sucurriculum.com\/noticias\/wp-json\/wp\/v2\/posts\/908\/revisions\/910"}],"wp:featuredmedia":[{"embeddable":true,"href":"https:\/\/sucurriculum.com\/noticias\/wp-json\/wp\/v2\/media\/909"}],"wp:attachment":[{"href":"https:\/\/sucurriculum.com\/noticias\/wp-json\/wp\/v2\/media?parent=908"}],"wp:term":[{"taxonomy":"category","embeddable":true,"href":"https:\/\/sucurriculum.com\/noticias\/wp-json\/wp\/v2\/categories?post=908"},{"taxonomy":"post_tag","embeddable":true,"href":"https:\/\/sucurriculum.com\/noticias\/wp-json\/wp\/v2\/tags?post=908"}],"curies":[{"name":"wp","href":"https:\/\/api.w.org\/{rel}","templated":true}]}}