{"id":905,"date":"2020-05-12T09:45:15","date_gmt":"2020-05-12T07:45:15","guid":{"rendered":"https:\/\/sucurriculum.com\/noticias\/?p=905"},"modified":"2020-05-12T09:45:16","modified_gmt":"2020-05-12T07:45:16","slug":"el-nuevo-centro-para-personas-mayores-de-andujar-creara-100-empleos","status":"publish","type":"post","link":"https:\/\/sucurriculum.com\/noticias\/el-nuevo-centro-para-personas-mayores-de-andujar-creara-100-empleos\/","title":{"rendered":"El nuevo Centro para personas mayores de Andujar crear\u00e1 100 empleos"},"content":{"rendered":"\n<p>Las obras de reforma del Antiguo Seminario de los Padres Paules de And\u00fajar \u00abavanzan a buen ritmo\u00bb, seg\u00fan ha indicado el Ayuntamiento iliturgitano.<\/p>\n\n\n\n<p>La intervenci\u00f3n albergar\u00e1 un Centro Socio-Asistencial para personas mayores. Un proyecto que gestiona la &#8216;Fundaci\u00f3n Cuidar y Curar&#8217; y que posibilitar\u00e1 la creaci\u00f3n de unos 100 puestos de trabajo directos. Con una inversi\u00f3n inicial estimada de m\u00e1s de tres millones de euros este proyecto supondr\u00e1, en primer lugar, la rehabilitaci\u00f3n de un edificio municipal que ha permanecido cerrado y en estado de abandono durante a\u00f1os \u00aben una iniciativa que generar\u00e1 empleo y riqueza y permitir\u00e1 prestar un servicio cuya demanda se incrementar\u00e1 en los pr\u00f3ximos a\u00f1os\u00bb.<\/p>\n\n\n\n<p>El alcalde de And\u00fajar, Paco Huertas, recuerda que este centro solventar\u00e1 los problemas de plazas asistenciales del municipio, adem\u00e1s de contribuir, \u00aben estos momentos tan dif\u00edciles, a generar empleo en el municipio a trav\u00e9s de la participaci\u00f3n de empresas locales durante la ejecuci\u00f3n de la obra\u00bb.<\/p>\n\n\n\n<p>El pleno del Ayuntamiento de And\u00fajar abord\u00f3 ya en septiembre de 2018 la calificaci\u00f3n jur\u00eddica de la propiedad municipal del antiguo seminario de los Padres Paules para que el edificio pueda albergar la prestaci\u00f3n de servicios asistenciales y atenci\u00f3n social. Contar\u00e1 adem\u00e1s con otros servicios como Centro de D\u00eda, Unidad de Trastorno de la Conducta, Unidad de Cuidados B\u00e1sicos, de Convalecencia Cl\u00ednica y otra de Rehabilitadora. Tendr\u00e1 tambi\u00e9n una Unidad de Cuidados Continuados, adem\u00e1s del servicio de Ayuda a Domicilio y de Telemedicina. Pretende convertirse en un centro de referencia en Andaluc\u00eda.<\/p>\n\n\n\n<p>Cr\u00edticas<\/p>\n\n\n\n<p>El Partido Popular se ha mostrado contrario a esa cesi\u00f3n a la Fundaci\u00f3n Cuidar y Curar al esgrimir que el proceso se ha hecho sin concertaci\u00f3n, ni obligaci\u00f3n, ni transparencia, ni concurso p\u00fablico, sin calendario de plazos de ejecuci\u00f3n y se \u00abha adjudicado a dedo\u00bb, critic\u00f3. El grupo mayoritario de la oposici\u00f3n vaticin\u00f3 que el municipio iba a sufrir \u00abotro atropello urban\u00edstico\u00bb como ocurri\u00f3 con los desaparecidos Cine Avenida y el Antiguo Camping. La Fundaci\u00f3n Cuidar y Curar asegur\u00f3 cuando se present\u00f3 el proyecto que \u00abno les mov\u00eda el no lucro\u00bb y defendi\u00f3 que se emplearon los procedimientos oportunos. Aventur\u00f3 que va a suponer un gran proyecto para la ciudad.<\/p>\n\n\n\n<p>Las principales instalaciones del antiguo Seminario Reina de los Ap\u00f3stoles fueron entregadas formalmente al Ayuntamiento de And\u00fajar por parte de la congregaci\u00f3n de los Padres Pa\u00fales en febrero del a\u00f1o 2011. La entrega de las instalaciones fue posible gracias a un convenio suscrito entre el Ayuntamiento y la Congregaci\u00f3n en junio de 2008 y ratificado en el Pleno de la Corporaci\u00f3n Municipal en octubre del mismo a\u00f1o. Tras la aprobaci\u00f3n definitiva del Plan General de Ordenaci\u00f3n Urbana, el 24 de marzo de 2010, el Ayuntamiento pudo solicitar la ocupaci\u00f3n formal del edificio.<\/p>\n\n\n\n<p>En un principio se pens\u00f3 destinar este edificio a la Escuela Oficial de Idiomas y a la Casa del Deporte y que sirviera adem\u00e1s para albergar acciones formativas junto con la Universidad de Ja\u00e9n y la C\u00e1mara de Comercio. La Escuela Oficial de Idiomas se ha adecuado finalmente en el IES Nuestra Se\u00f1ora de la Cabeza y los clubes deportivos tienen sus despachos en unas dependencias del Nuevo Estadio. El Antiguo Seminario tambi\u00e9n dar\u00e1 cabida al futuro Museo de la Romer\u00eda.<\/p>\n\n\n\n<p><strong>Edificio que posee un enorme valor arquitect\u00f3nico<\/strong><\/p>\n\n\n\n<p>El Antiguo Seminario de los Padres Paules se trata de un edificio protegido, por su valor arquitect\u00f3nico, construido entre el 21 de junio de 1965 y el 30 de octubre de 1966. El proyecto fue obra del reputado arquitecto de madrile\u00f1o Luis Laorga. La figura de Laorga est\u00e1 ligada a la del prestigioso arquitecto Francisco Javier S\u00e1enz de Oiza, puesto que trabajaron juntos en proyectos como la construcci\u00f3n de la nueva Bas\u00edlica de Arantzazu y la Bas\u00edlica Hispanoamericana de la Merced en Madrid.<\/p>\n","protected":false},"excerpt":{"rendered":"<p>Se trata de un proyecto que gestiona la Fundaci\u00f3n Cuidar y Curar y que posibilitar\u00e1 la creaci\u00f3n de unos 100 puestos de trabajo directos.<\/p>\n","protected":false},"author":2,"featured_media":906,"comment_status":"open","ping_status":"open","sticky":false,"template":"","format":"standard","meta":{"footnotes":""},"categories":[65],"tags":[130,708,707,95,582,264],"class_list":["post-905","post","type-post","status-publish","format-standard","has-post-thumbnail","hentry","category-ofertas-de-empleo","tag-130","tag-andujar","tag-centro","tag-empleos","tag-mayores","tag-personas"],"amp_enabled":true,"_links":{"self":[{"href":"https:\/\/sucurriculum.com\/noticias\/wp-json\/wp\/v2\/posts\/905","targetHints":{"allow":["GET"]}}],"collection":[{"href":"https:\/\/sucurriculum.com\/noticias\/wp-json\/wp\/v2\/posts"}],"about":[{"href":"https:\/\/sucurriculum.com\/noticias\/wp-json\/wp\/v2\/types\/post"}],"author":[{"embeddable":true,"href":"https:\/\/sucurriculum.com\/noticias\/wp-json\/wp\/v2\/users\/2"}],"replies":[{"embeddable":true,"href":"https:\/\/sucurriculum.com\/noticias\/wp-json\/wp\/v2\/comments?post=905"}],"version-history":[{"count":1,"href":"https:\/\/sucurriculum.com\/noticias\/wp-json\/wp\/v2\/posts\/905\/revisions"}],"predecessor-version":[{"id":907,"href":"https:\/\/sucurriculum.com\/noticias\/wp-json\/wp\/v2\/posts\/905\/revisions\/907"}],"wp:featuredmedia":[{"embeddable":true,"href":"https:\/\/sucurriculum.com\/noticias\/wp-json\/wp\/v2\/media\/906"}],"wp:attachment":[{"href":"https:\/\/sucurriculum.com\/noticias\/wp-json\/wp\/v2\/media?parent=905"}],"wp:term":[{"taxonomy":"category","embeddable":true,"href":"https:\/\/sucurriculum.com\/noticias\/wp-json\/wp\/v2\/categories?post=905"},{"taxonomy":"post_tag","embeddable":true,"href":"https:\/\/sucurriculum.com\/noticias\/wp-json\/wp\/v2\/tags?post=905"}],"curies":[{"name":"wp","href":"https:\/\/api.w.org\/{rel}","templated":true}]}}