{"id":6929,"date":"2022-07-20T09:43:19","date_gmt":"2022-07-20T07:43:19","guid":{"rendered":"https:\/\/sucurriculum.com\/noticias\/?p=6929"},"modified":"2022-07-25T13:01:42","modified_gmt":"2022-07-25T11:01:42","slug":"nuevos-puestos-de-trabajo-en-lidl-con-incorporacion-inmediata","status":"publish","type":"post","link":"https:\/\/sucurriculum.com\/noticias\/nuevos-puestos-de-trabajo-en-lidl-con-incorporacion-inmediata\/","title":{"rendered":"Nuevos puestos de trabajo en Lidl con incorporaci\u00f3n inmediata"},"content":{"rendered":"\n<p>La campa\u00f1a de verano supone la ampliaci\u00f3n de los equipos de trabajo en supermercados y otros servicios cuya afluencia se ve incrementada durante la \u00e9poca estiva. Por ello, la cadena de distribuci\u00f3n de alimentos Lidl ha publicado una oferta de empleo con 125 vacantes de incorporaci\u00f3n inmediata.<\/p>\n\n\n\n<p>Cabe destacar que recientemente la empresa de origen alem\u00e1n ha anunciado que aumentar\u00e1 un 16,5 % la n\u00f3mina mensual de sus empleados, pasando a ser de 1.214 euros al mes si se quiere cobrar en 14 pagas y de 1.416,50 euros en caso de hacerlo en 12.<\/p>\n\n\n\n<h6 class=\"wp-block-heading\">Establecimientos por toda Espa\u00f1a<\/h6>\n\n\n\n<p>La cadena de supermercados busca ampliar su equipo de trabajo con reponedores, cajeros, atenci\u00f3n al cliente, jefes de venta y mozos de almac\u00e9n para sus centros log\u00edsticos. Asimismo, la oferta de empleo tambi\u00e9n presenta gran variedad en cuanto a las ubicaciones de los puestos ofertados. Los establecimientos que disponen de una mayor oferta de vacantes se encuentran en Madrid, Barcelona, Alicante, M\u00e1laga, Sevilla, Zaragoza, A Coru\u00f1a y Le\u00f3n.<\/p>\n\n\n\n<p>Para optar a conseguir un contrato con la compa\u00f1\u00eda de alimentaci\u00f3n con sede en Neckarsulm (Alemania), se deben cumplir ciertos requisitos como contar con el t\u00edtulo de Educaci\u00f3n Secundaria Obligatoria, ser mayor de 16 a\u00f1os o contar con experiencia laboral en el sector en cuesti\u00f3n.<\/p>\n\n\n\n<p>Para enviar el curr\u00edculum e inscribirse en una de las ofertas disponibles, la persona interesada debe acceder al <a href=\"https:\/\/empleo.lidl.es\/\">portal de empleo de Lidl<\/a>, donde aparece un buscador de vacantes seg\u00fan la localizaci\u00f3n, la jornada laboral o el puesto de trabajo. Solamente accediendo al anuncio deseado y seleccionando la opci\u00f3n &#8216;Inscr\u00edbete&#8217;, el solicitante podr\u00e1 proceder a crear una cuenta personal para completar dichos tr\u00e1mites.<\/p>\n","protected":false},"excerpt":{"rendered":"<p>La cadena de distribuci\u00f3n de alimentos Lidl ha publicado una oferta de empleo con 125 vacantes de incorporaci\u00f3n inmediata.<\/p>\n","protected":false},"author":2,"featured_media":6933,"comment_status":"open","ping_status":"open","sticky":false,"template":"","format":"standard","meta":{"footnotes":""},"categories":[65],"tags":[2833,41,4148,4149,881],"class_list":["post-6929","post","type-post","status-publish","format-standard","has-post-thumbnail","hentry","category-ofertas-de-empleo","tag-2833","tag-euros","tag-incorporacion","tag-inmediata","tag-lidl"],"amp_enabled":true,"_links":{"self":[{"href":"https:\/\/sucurriculum.com\/noticias\/wp-json\/wp\/v2\/posts\/6929","targetHints":{"allow":["GET"]}}],"collection":[{"href":"https:\/\/sucurriculum.com\/noticias\/wp-json\/wp\/v2\/posts"}],"about":[{"href":"https:\/\/sucurriculum.com\/noticias\/wp-json\/wp\/v2\/types\/post"}],"author":[{"embeddable":true,"href":"https:\/\/sucurriculum.com\/noticias\/wp-json\/wp\/v2\/users\/2"}],"replies":[{"embeddable":true,"href":"https:\/\/sucurriculum.com\/noticias\/wp-json\/wp\/v2\/comments?post=6929"}],"version-history":[{"count":2,"href":"https:\/\/sucurriculum.com\/noticias\/wp-json\/wp\/v2\/posts\/6929\/revisions"}],"predecessor-version":[{"id":6934,"href":"https:\/\/sucurriculum.com\/noticias\/wp-json\/wp\/v2\/posts\/6929\/revisions\/6934"}],"wp:featuredmedia":[{"embeddable":true,"href":"https:\/\/sucurriculum.com\/noticias\/wp-json\/wp\/v2\/media\/6933"}],"wp:attachment":[{"href":"https:\/\/sucurriculum.com\/noticias\/wp-json\/wp\/v2\/media?parent=6929"}],"wp:term":[{"taxonomy":"category","embeddable":true,"href":"https:\/\/sucurriculum.com\/noticias\/wp-json\/wp\/v2\/categories?post=6929"},{"taxonomy":"post_tag","embeddable":true,"href":"https:\/\/sucurriculum.com\/noticias\/wp-json\/wp\/v2\/tags?post=6929"}],"curies":[{"name":"wp","href":"https:\/\/api.w.org\/{rel}","templated":true}]}}