{"id":6918,"date":"2022-07-15T12:19:10","date_gmt":"2022-07-15T10:19:10","guid":{"rendered":"https:\/\/sucurriculum.com\/noticias\/?p=6918"},"modified":"2022-07-17T19:20:34","modified_gmt":"2022-07-17T17:20:34","slug":"sobre-coches-electricos","status":"publish","type":"post","link":"https:\/\/sucurriculum.com\/noticias\/sobre-coches-electricos\/","title":{"rendered":"SOBRE COCHES EL\u00c9CTRICOS"},"content":{"rendered":"\n<p><br>Hoy mi post trata sobre la situaci\u00f3n de los coches el\u00e9ctricos\u2026 como muchos sab\u00e9is he puesto placas solares hace un tiempo en mi casa, mi intenci\u00f3n era seguir con el plan y el camino se bifurca entre invertir en aerotermia o un coche el\u00e9ctrico.<\/p>\n\n\n\n<p>El conste actual de la primera opci\u00f3n y los precios de los combustible me ha hecho decantarme por empezar a indagar el tema del coche el\u00e9ctrico\u2026<\/p>\n\n\n\n<p>Adelant\u00f3 que despu\u00e9s de pasar unos d\u00edas investigando tengo que decir que de momento el coche lo voy a dejar por un tiempo y estos son los motivos:<\/p>\n\n\n\n<p>Actualmente tenemos 2 coches un Citroen C8 de 7 plaza con 6 a\u00f1os y un mercedes E300 m\u00e1s viejo. La idea era aprovechar la cantidad de energ\u00eda que nos sobra de las placas para alimentar el coche el\u00e9ctrico y conseguir unos ahorros de unos 250\u20ac mensuales quiz\u00e1s m\u00e1s con los precios actuales del diesel.<\/p>\n\n\n\n<p>Dicho todo esto empiezas a mirar como est\u00e1 el mercado\u2026<\/p>\n\n\n\n<p>Mi conclusi\u00f3n es que actualmente no puedes sustituir el coche familiar o dicho de otra forma el coche m\u00e1s utilizado con un coche el\u00e9ctrico, actualmente la autonom\u00eda real de los coches m\u00e1s caros est\u00e1 en torno a los 500km\u2026 estos coches est\u00e1n muy caros y sobre valorados, aparte de las bajadas de rendimiento que llevar\u00e1n las bater\u00edas con el paso de los a\u00f1os\u2026 seg\u00fan los fabricantes no m\u00e1s del 20% a los 8 a\u00f1os.<\/p>\n\n\n\n<p>Dicho esto la idea era buscar un coche utilitario no muy grande que nos permita hacer los desplazamientos diarios, compra, laboral, clases extraescolares, etc, unos 50km o 60km al d\u00eda como mucho, dejando el C8 como coche para viajes largos\u2026<\/p>\n\n\n\n<p>El mercado no tiene muchas opciones, pero por ejemplo un coche peque\u00f1o (no para 5 personas como es nuestro caso) pero si para el d\u00eda a d\u00eda como el opel corsa-e o el peugeut 208-e est\u00e1n en tornos a los 31000\u20ac\u2026 estamos hablando de coches muy peque\u00f1os. Luego puedes encontrar un MG ZS que es un poco m\u00e1s grande en torno a los 33000 o un KIA Niro en torno a los 35000.<\/p>\n\n\n\n<p>En todos los casos son coches supervalorados muy por encima de lo que deber\u00eda ser su valor real\u2026 por ejemplo el opel corsa gasolina con la misma equipaci\u00f3n que su similar el\u00e9ctrico est\u00e1 en torno a los 18000\u20ac\u2026 (nosotros al ser familia numerosa seguramente menos) estamos hablando de unos 12000\u20ac de diferencia o m\u00e1s dado nuestra situaci\u00f3n\u2026, aunque esto se puede trasladar a cualquier otra marca y modelo. Realmente tienes que hacer muchos km para amortizar el coche, aparte de contar que las bater\u00edas van a ir perdiendo su poder original y a los 8 a\u00f1os te quedas sin garant\u00eda\u2026 posiblemente un coche de este tipo tengo una vida \u00fatil y real mucho menor que un coche de combusti\u00f3n algo que hay que tener muy en cuenta, dado que si te tienes que comprar un coche mucho antes la amortizaci\u00f3n es ficticia y compleja de calcular.<\/p>\n\n\n\n<p>Ciertamente existen unos beneficios en la comprar de un coche el\u00e9ctrico como el plan move, as\u00ed como diversos beneficios fiscales\u2026 en algunas ciudades no se paga zona azul o impuesto de circulaci\u00f3n, as\u00ed como la posibilidad de entrar en las zonas protegidas de las grandes urbes\u2026 esto no es factible en todas las poblaciones.<\/p>\n\n\n\n<p>Respecto al plan move, se trata de una ayuda de unos 4000\u20ac, que se traduce de la siguiente forma\u2026 te compras el coche y lo pagas a su precio real, volviendo al opel corsa-e unos 31000\u20ac\u2026 (quiz\u00e1s algo menos con descuentos en concesionario\u2026 hablo de precios marcados) luego tienes que solicitar la ayuda en tu comunidad, lo que origina papeleo, tr\u00e1mites, movidas y al a\u00f1o o a\u00f1o y medio si te lo conceden te ingresan los 4000\u20ac\u2026, pero de esos 4000\u20ac tienes que pagar IRPF dado que te entra como un incremento de renta.<\/p>\n\n\n\n<p>Si dispones de un coche viejo en propiedad y lo entregas para chatarra\u2026 te pueden dar otros 3000\u20ac, esto entiendo que es muy complicado, no todo el mundo tiene un coche de este tipo\u2026<\/p>\n\n\n\n<p>Por ejemplo en mi caso el mercedes es un coche con a\u00f1os pero est\u00e1 en perfecto estado\u2026 su precio de mercado puede estar en torno a los 3000\u20ac o 4000\u20ac\u2026, podr\u00eda plantearme entregarlo, pero claro sobre ese dinero que demorar\u00eda mucho tiempo encima tendr\u00eda que pagar IRPF mientras que si lo vendo tendr\u00eda el dinero posiblemente antes y no tendr\u00eda que pagar IRPF y la co\u00f1a es que encima seguir\u00eda contaminando\u2026, justo lo contrario que se quiere conseguir con el plan move. Imagino que lo mejor de cada promoci\u00f3n son los que han ideado el plan dichoso.<\/p>\n\n\n\n<p>Creo que esto del plan move es del todo un desprop\u00f3sito, ideado por personas alejadas de la realidad social. Aparte de no controlar la subida de precios brutal de estos coches a partir de la entrada en vigor del plan, b\u00e1sicamente las marcas se apuntan como beneficios la ayudas en su precios\u2026 y encima tienes que complicarte la vida con una administraci\u00f3n lenta y burocr\u00e1tica como la espa\u00f1ola.<\/p>\n\n\n\n<p>Tengo que decir que mi idea era utilizar el coche para trayecto cortos y urbanos y semi-urbanos o como mucho peque\u00f1os trayectos cuando alg\u00fan ni\u00f1o lo tengo que llevar a jugar al futbol, justo la situaci\u00f3n donde mejor rinden estos coches y lo quer\u00eda cargar en mi casa\u2026 pero hay que a\u00f1adir que la red de carga de estos coches fuera de tu propia casa es muy deficitaria en Espa\u00f1a muy lejos de la media europea.<\/p>\n\n\n\n<p>Sinceramente ten\u00eda muchas ganas de tener un coche de este tipo ya no solo por los ahorros, sino por conciencia social\u2026, pero creo que esto est\u00e1 muy lejos de ser un realidad.<\/p>\n\n\n\n<p>Aparte se\u00f1alar la gran incertidumbre de comprar un coche s\u00faper caro comparativamente hablando con su hom\u00f3logo en combusti\u00f3n respecto a su durabilidad y fiabilidad. Realmente te da la sensaci\u00f3n que te estas aventurando en algo del todo desconociendo\u2026 y en cierta manera no lo entiendes dado que t\u00e9cnicamente estos coches son mucho m\u00e1s sencillos mec\u00e1nicamente y realmente deber\u00edan dar menos problemas t\u00e9cnicos y mucho menor mantenimientos (algo que tambi\u00e9n es un ahorro sin lugar a dudas)\u2026 pero el panorama futuro de la bater\u00edas, posibles combustibles como el hidr\u00f3geno y la poca implicaci\u00f3n de la administraci\u00f3n p\u00fablica que no sabe gestionar las ayudas\u2026 hacen que el salto al futuro sea al menos para m\u00ed de momento una quimera\u2026 tendremos que seguir contaminando a\u00fan a un coste desproporcionado de los combustibles<\/p>\n\n\n\n<p>Buen d\u00eda&#8230;<\/p>\n","protected":false},"excerpt":{"rendered":"<p>Hoy mi post trata sobre la situaci\u00f3n de los coches el\u00e9ctricos\u2026 como muchos sab\u00e9is he puesto placas solares hace un tiempo en mi casa, mi intenci\u00f3n era seguir con el plan y el camino se bifurca entre invertir en aerotermia o un coche el\u00e9ctrico.<\/p>\n","protected":false},"author":1,"featured_media":6920,"comment_status":"open","ping_status":"open","sticky":false,"template":"","format":"standard","meta":{"footnotes":""},"categories":[859],"tags":[4139,4140],"class_list":["post-6918","post","type-post","status-publish","format-standard","has-post-thumbnail","hentry","category-otros-temas","tag-coches-electricos","tag-plan-move"],"amp_enabled":true,"_links":{"self":[{"href":"https:\/\/sucurriculum.com\/noticias\/wp-json\/wp\/v2\/posts\/6918","targetHints":{"allow":["GET"]}}],"collection":[{"href":"https:\/\/sucurriculum.com\/noticias\/wp-json\/wp\/v2\/posts"}],"about":[{"href":"https:\/\/sucurriculum.com\/noticias\/wp-json\/wp\/v2\/types\/post"}],"author":[{"embeddable":true,"href":"https:\/\/sucurriculum.com\/noticias\/wp-json\/wp\/v2\/users\/1"}],"replies":[{"embeddable":true,"href":"https:\/\/sucurriculum.com\/noticias\/wp-json\/wp\/v2\/comments?post=6918"}],"version-history":[{"count":2,"href":"https:\/\/sucurriculum.com\/noticias\/wp-json\/wp\/v2\/posts\/6918\/revisions"}],"predecessor-version":[{"id":6926,"href":"https:\/\/sucurriculum.com\/noticias\/wp-json\/wp\/v2\/posts\/6918\/revisions\/6926"}],"wp:featuredmedia":[{"embeddable":true,"href":"https:\/\/sucurriculum.com\/noticias\/wp-json\/wp\/v2\/media\/6920"}],"wp:attachment":[{"href":"https:\/\/sucurriculum.com\/noticias\/wp-json\/wp\/v2\/media?parent=6918"}],"wp:term":[{"taxonomy":"category","embeddable":true,"href":"https:\/\/sucurriculum.com\/noticias\/wp-json\/wp\/v2\/categories?post=6918"},{"taxonomy":"post_tag","embeddable":true,"href":"https:\/\/sucurriculum.com\/noticias\/wp-json\/wp\/v2\/tags?post=6918"}],"curies":[{"name":"wp","href":"https:\/\/api.w.org\/{rel}","templated":true}]}}