{"id":6714,"date":"2022-06-24T10:38:33","date_gmt":"2022-06-24T08:38:33","guid":{"rendered":"https:\/\/sucurriculum.com\/noticias\/?p=6714"},"modified":"2022-06-28T09:25:11","modified_gmt":"2022-06-28T07:25:11","slug":"no-a-los-20-cts-y-si-la-transporte-publico-gratuito","status":"publish","type":"post","link":"https:\/\/sucurriculum.com\/noticias\/no-a-los-20-cts-y-si-la-transporte-publico-gratuito\/","title":{"rendered":"NO a los 20 cts y si la transporte p\u00fablico gratuito"},"content":{"rendered":"\n<p>Como sugerencia&#8230; y si en lugar de dar 20 cts por litro, no se da nada&#8230; pero se ofrece gratuidad en el transporte p\u00fablico o una bajada muy importante en los precios?? pienso que ser\u00eda una medida muy interesante. Se podr\u00eda conseguir reducir mucho el transporte individual lo que al mismo tiempo influir\u00eda en el precio de los combustibles&#8230; dado que mucha menor demanda habitualmente lleva aparejada un bajada de precios&#8230; el llamado justiprecio.<\/p>\n\n\n\n<p><\/p>\n\n\n\n<figure class=\"wp-block-image size-full\"><img loading=\"lazy\" decoding=\"async\" width=\"984\" height=\"680\" src=\"https:\/\/sucurriculum.com\/noticias\/wp-content\/uploads\/2022\/06\/image-1.png\" alt=\"\" class=\"wp-image-6725\" srcset=\"https:\/\/sucurriculum.com\/noticias\/wp-content\/uploads\/2022\/06\/image-1.png 984w, https:\/\/sucurriculum.com\/noticias\/wp-content\/uploads\/2022\/06\/image-1-300x207.png 300w, https:\/\/sucurriculum.com\/noticias\/wp-content\/uploads\/2022\/06\/image-1-768x531.png 768w, https:\/\/sucurriculum.com\/noticias\/wp-content\/uploads\/2022\/06\/image-1-700x484.png 700w, https:\/\/sucurriculum.com\/noticias\/wp-content\/uploads\/2022\/06\/image-1-410x283.png 410w, https:\/\/sucurriculum.com\/noticias\/wp-content\/uploads\/2022\/06\/image-1-100x69.png 100w, https:\/\/sucurriculum.com\/noticias\/wp-content\/uploads\/2022\/06\/image-1-275x190.png 275w\" sizes=\"auto, (max-width: 984px) 100vw, 984px\" \/><figcaption>Esto no lo podemos permitir como sociedad, solo es necesario un esfuerzo com\u00fan y empezar a dejar de consumir&#8230; y la \u00fanica forma es incentivar el transporte p\u00fablico. Aumentar el transporte p\u00fablico en cantidad y calidad, disminuir los precios de los mismos. Incentivar otros medios de transporte. El que quiera ir en su coche al trabajado y se lo pueda y quiera permitir que lo haga, pero que no sea una excusa y exista una red p\u00fablica de transporte grande y de calidad.<\/figcaption><\/figure>\n\n\n\n<p>Es posible que a igual o menor coste para las arcas p\u00fablicas se consiga reducir la contaminaci\u00f3n, se mejore la movilidad y el bolsillo de muchas personas. Por no hablar el impacto inmediato en los precios. Aparte de la generaci\u00f3n de nuevos empleo. La ayuda actual no se asumir\u00eda como beneficio inmediato para las petroleras como ya ha pasado ni medidas alternativas como las bajadas de impuestos con las que se conseguir\u00edan efectos similares.<\/p>\n\n\n\n<p>Las petroleras y similares saben de la necesidad de sus servicios&#8230; quiz\u00e1s el\/los gobiernos deber\u00edan empezar a mover fichas para hacerles entender que son parte del castillo de naipes y quiz\u00e1s cada vez menos necesarios.<\/p>\n\n\n\n<p>Ser\u00eda necesario ampliar la red de transporte p\u00fablico tanto en calidad como en cantidad.<br>El problema que veo&#8230; en Espa\u00f1a no entendemos que necesitamos un cambio de modelo radical y simplemente ponemos parches para continuar con el modelo actual sin entender que es inviable.<br>Yo solo veo beneficios sociales&#8230; aparte de medio ambientales.<\/p>\n\n\n\n<p><br>Problema aparte ser\u00eda el transporte de mercanc\u00edas por carretera, un mal end\u00e9mico de Espa\u00f1a, donde gran parte del transporte se mueve por carretera algo que a largo plazo se podr\u00eda subsanar en gran parte con el transporte por tren, mucho m\u00e1s arraigado en Europa.<\/p>\n\n\n\n<p>Los precios de los combustible para veh\u00edculos agr\u00edcolas ya est\u00e1n incentivados pero creo firmemente que estas medidas podr\u00edan paliar muchos en los precios de los mismo.<\/p>\n\n\n\n<p><br>Los incentivos a la renovables deben ser mayores y mucho m\u00e1s \u00e1giles de lo que son actualmente.<br>Espa\u00f1a podr\u00eda ser del todo independiente energ\u00e9ticamente, pero imagino que simplemente no interesa, y es mejor seguir dependiendo de terceros para crear necesidades que resolver con el bolsillo de otros.<\/p>\n\n\n\n<p><br>En pa\u00edses asi\u00e1ticos el concepto de coche el\u00e9ctrico es muy diferente&#8230; en Espa\u00f1a pensar en coche el\u00e9ctrico es pensar en coches como los actuales t\u00e9rmicos, que nos permitan transitar largas distancias con toda la familia con todo tipo de comodidades&#8230;, en estos pa\u00edses se est\u00e1n imponiendo coches muy simples y peque\u00f1os, con muy muy pocos detalles que les permiten transitar por las ciudades a precios muy bajos de coste. Simples utilitarios que conceptualmente est\u00e1n muy alejados del modelo que tenemos de coche&#8230; pero que son del todo necesarios.<\/p>\n\n\n\n<figure class=\"wp-block-image size-full\"><img loading=\"lazy\" decoding=\"async\" width=\"806\" height=\"578\" src=\"https:\/\/sucurriculum.com\/noticias\/wp-content\/uploads\/2022\/06\/image.png\" alt=\"\" class=\"wp-image-6716\" srcset=\"https:\/\/sucurriculum.com\/noticias\/wp-content\/uploads\/2022\/06\/image.png 806w, https:\/\/sucurriculum.com\/noticias\/wp-content\/uploads\/2022\/06\/image-300x215.png 300w, https:\/\/sucurriculum.com\/noticias\/wp-content\/uploads\/2022\/06\/image-768x551.png 768w, https:\/\/sucurriculum.com\/noticias\/wp-content\/uploads\/2022\/06\/image-700x502.png 700w, https:\/\/sucurriculum.com\/noticias\/wp-content\/uploads\/2022\/06\/image-410x294.png 410w, https:\/\/sucurriculum.com\/noticias\/wp-content\/uploads\/2022\/06\/image-100x72.png 100w, https:\/\/sucurriculum.com\/noticias\/wp-content\/uploads\/2022\/06\/image-275x197.png 275w\" sizes=\"auto, (max-width: 806px) 100vw, 806px\" \/><figcaption><strong>Hongguang Mini EV ya es el segundo coche el\u00e9ctrico m\u00e1s vendido del mundo.<\/strong><br>Su precio arranca en los 28.800 yuanes <strong>unos 3500\u20ac<\/strong>, un modelo b\u00e1sico sin aire acondicionado y con una autonom\u00eda de 120 kil\u00f3metros bajo ciclo NEDC. Adicionalmente, tambi\u00e9n se ofrece una versi\u00f3n por 38.800 yuanes, unos 4.900 euros al cambio que s\u00ed&nbsp;<strong>incorpora aire acondicionado y ofrece una bater\u00eda de 13,9 kWh para alcanzar los 170 kil\u00f3metros (NEDC)<\/strong>.<br>Para hacernos una idea de su potencia, el Hongguang Mini EV cuenta con un motor de 27 CV, lo que le permite alcanzar los 100 km\/h. Su capacidad es de cuatro plazas, pero tambi\u00e9n se encuentra con dos plazas y un maletero m\u00e1s grande de 741 litros.<\/figcaption><\/figure>\n\n\n\n<p><\/p>\n\n\n\n<p>Por \u00faltimo decir que Espa\u00f1a est\u00e1 perdiendo el tren de ser una potencia mundial que lidere el cambio de modelo que a cuenta de las circunstancias actuales se va a precipitar&#8230; un cambio de modelo energ\u00e9tico, modelo de transporte, modelo de fabricaci\u00f3n, ganadero y agr\u00edcola&#8230;<br>Simplemente no vemos que posiblemente reunimos todos los requisitos para ser el pa\u00eds con las mejores condiciones para generar el cambio necesario y dejar de depender de terceros. <\/p>\n\n\n\n<p>Es el momento de empezar a fabricar nuestros coches, cultivar nuestros alimentos y no depender energ\u00e9ticamente de terceros&#8230; es simplemente voluntad a largo plazo.<\/p>\n","protected":false},"excerpt":{"rendered":"<p>y si en lugar de dar 20 cts por litro, no se da nada pero se ofrece gratuidad en el transporte p\u00fablico o una bajada muy importante en los precios??<\/p>\n","protected":false},"author":1,"featured_media":6717,"comment_status":"open","ping_status":"open","sticky":false,"template":"","format":"standard","meta":{"footnotes":""},"categories":[859],"tags":[4006,4007],"class_list":["post-6714","post","type-post","status-publish","format-standard","has-post-thumbnail","hentry","category-otros-temas","tag-energia","tag-modelo-energetico"],"amp_enabled":true,"_links":{"self":[{"href":"https:\/\/sucurriculum.com\/noticias\/wp-json\/wp\/v2\/posts\/6714","targetHints":{"allow":["GET"]}}],"collection":[{"href":"https:\/\/sucurriculum.com\/noticias\/wp-json\/wp\/v2\/posts"}],"about":[{"href":"https:\/\/sucurriculum.com\/noticias\/wp-json\/wp\/v2\/types\/post"}],"author":[{"embeddable":true,"href":"https:\/\/sucurriculum.com\/noticias\/wp-json\/wp\/v2\/users\/1"}],"replies":[{"embeddable":true,"href":"https:\/\/sucurriculum.com\/noticias\/wp-json\/wp\/v2\/comments?post=6714"}],"version-history":[{"count":6,"href":"https:\/\/sucurriculum.com\/noticias\/wp-json\/wp\/v2\/posts\/6714\/revisions"}],"predecessor-version":[{"id":6728,"href":"https:\/\/sucurriculum.com\/noticias\/wp-json\/wp\/v2\/posts\/6714\/revisions\/6728"}],"wp:featuredmedia":[{"embeddable":true,"href":"https:\/\/sucurriculum.com\/noticias\/wp-json\/wp\/v2\/media\/6717"}],"wp:attachment":[{"href":"https:\/\/sucurriculum.com\/noticias\/wp-json\/wp\/v2\/media?parent=6714"}],"wp:term":[{"taxonomy":"category","embeddable":true,"href":"https:\/\/sucurriculum.com\/noticias\/wp-json\/wp\/v2\/categories?post=6714"},{"taxonomy":"post_tag","embeddable":true,"href":"https:\/\/sucurriculum.com\/noticias\/wp-json\/wp\/v2\/tags?post=6714"}],"curies":[{"name":"wp","href":"https:\/\/api.w.org\/{rel}","templated":true}]}}