{"id":6695,"date":"2022-06-20T08:06:54","date_gmt":"2022-06-20T06:06:54","guid":{"rendered":"https:\/\/sucurriculum.com\/noticias\/?p=6695"},"modified":"2022-06-20T08:06:55","modified_gmt":"2022-06-20T06:06:55","slug":"complemento-a-la-infancia-del-ingreso-minimo-vital","status":"publish","type":"post","link":"https:\/\/sucurriculum.com\/noticias\/complemento-a-la-infancia-del-ingreso-minimo-vital\/","title":{"rendered":"Complemento a la infancia del Ingreso M\u00ednimo Vital"},"content":{"rendered":"\n<p>El pasado 21 de diciembre de 2021, se publicaban en el Bolet\u00edn Oficial del Estado (BOE) las modificaciones en la Ley del Ingreso M\u00ednimo Vital, y una de las novedades era la incorporaci\u00f3n de un complemento econ\u00f3mico a la infancia. Se trata de una cantidad determinada de dinero mensual, que se suma a esta ayuda econ\u00f3mica, por cada menor que resida en la unidad de convivencia.<\/p>\n\n\n\n<p>El objetivo de su incorporaci\u00f3n es hacer frente a la pobreza infantil y su cuant\u00eda var\u00eda seg\u00fan el n\u00famero de menores que formen parte de la misma unidad, aunque para acceder a esta ayuda hay que cumplir una serie de requisitos.<\/p>\n\n\n\n<h6 class=\"wp-block-heading\">\u00bfCu\u00e1les son las cuant\u00edas?<\/h6>\n\n\n\n<p>Como ha recordado el Ministerio de Inclusi\u00f3n, Seguridad Social y Migraciones en sus redes sociales, este complemento est\u00e1 dirigido a las personas beneficiarias de la ayuda econ\u00f3mica que tengan menores a su cargo y las diversas cuant\u00edas son las siguientes:<\/p>\n\n\n\n<ul class=\"wp-block-list\"><li>Menores de tres a\u00f1os: 100 euros mensuales.<\/li><li>Mayores de tres a\u00f1os y menores de seis a\u00f1os: 70 euros mensuales.<\/li><li>Mayores de seis a\u00f1os y menores de 18 a\u00f1os: 50 euros mensuales.<br><\/li><\/ul>\n\n\n\n<h6 class=\"wp-block-heading\">\u00bfQui\u00e9n tiene derecho a este complemento?<\/h6>\n\n\n\n<p>Podr\u00e1n tener derecho a este complemento, las unidades de convivencia que tengan menores a cargo y que cumplan con los requisitos indispensables para la concesi\u00f3n del Ingreso M\u00ednimo Vital:<\/p>\n\n\n\n<ul class=\"wp-block-list\"><li>El 300% de la renta garantizada del IMV para su tipo de hogar.<\/li><li>El 150% del umbral de patrimonio neto correspondiente a su tipo de hogar.<\/li><li>Cumplimiento del test de activos (6 veces la renta garantizada).<br><\/li><\/ul>\n\n\n\n<h6 class=\"wp-block-heading\">\u00bfC\u00f3mo se solicita?<\/h6>\n\n\n\n<p>Tal y como recuerda la Seguridad Social, podr\u00e1n recibir este complemento las personas que tengan derecho al mismo sin necesidad de presentar ninguna solicitud:<\/p>\n\n\n\n<ul class=\"wp-block-list\"><li>Los actuales perceptores del Ingreso M\u00ednimo Vital.<\/li><li>Los solicitantes de esta ayuda que tengan el expediente en tr\u00e1mite.<\/li><li>Los beneficiarios de la prestaci\u00f3n de protecci\u00f3n familiar que cumplan los requisitos.<br><\/li><\/ul>\n\n\n\n<p>En estos tres casos, la Seguridad Social reconocer\u00e1 por oficio el complemento y se otorgar\u00e1 con efectos econ\u00f3micos del 1 de febrero de 2022.<\/p>\n","protected":false},"excerpt":{"rendered":"<p>Se trata de una cantidad determinada de dinero mensual, que se suma a esta ayuda econ\u00f3mica, por cada menor que resida en la unidad de convivencia.<\/p>\n","protected":false},"author":2,"featured_media":6696,"comment_status":"open","ping_status":"open","sticky":false,"template":"","format":"standard","meta":{"footnotes":""},"categories":[35],"tags":[283,3792,246,245,247],"class_list":["post-6695","post","type-post","status-publish","format-standard","has-post-thumbnail","hentry","category-ayudas","tag-complemento","tag-infancia","tag-ingreso","tag-minimo","tag-vital"],"amp_enabled":true,"_links":{"self":[{"href":"https:\/\/sucurriculum.com\/noticias\/wp-json\/wp\/v2\/posts\/6695","targetHints":{"allow":["GET"]}}],"collection":[{"href":"https:\/\/sucurriculum.com\/noticias\/wp-json\/wp\/v2\/posts"}],"about":[{"href":"https:\/\/sucurriculum.com\/noticias\/wp-json\/wp\/v2\/types\/post"}],"author":[{"embeddable":true,"href":"https:\/\/sucurriculum.com\/noticias\/wp-json\/wp\/v2\/users\/2"}],"replies":[{"embeddable":true,"href":"https:\/\/sucurriculum.com\/noticias\/wp-json\/wp\/v2\/comments?post=6695"}],"version-history":[{"count":1,"href":"https:\/\/sucurriculum.com\/noticias\/wp-json\/wp\/v2\/posts\/6695\/revisions"}],"predecessor-version":[{"id":6697,"href":"https:\/\/sucurriculum.com\/noticias\/wp-json\/wp\/v2\/posts\/6695\/revisions\/6697"}],"wp:featuredmedia":[{"embeddable":true,"href":"https:\/\/sucurriculum.com\/noticias\/wp-json\/wp\/v2\/media\/6696"}],"wp:attachment":[{"href":"https:\/\/sucurriculum.com\/noticias\/wp-json\/wp\/v2\/media?parent=6695"}],"wp:term":[{"taxonomy":"category","embeddable":true,"href":"https:\/\/sucurriculum.com\/noticias\/wp-json\/wp\/v2\/categories?post=6695"},{"taxonomy":"post_tag","embeddable":true,"href":"https:\/\/sucurriculum.com\/noticias\/wp-json\/wp\/v2\/tags?post=6695"}],"curies":[{"name":"wp","href":"https:\/\/api.w.org\/{rel}","templated":true}]}}