{"id":6692,"date":"2022-06-18T09:38:24","date_gmt":"2022-06-18T07:38:24","guid":{"rendered":"https:\/\/sucurriculum.com\/noticias\/?p=6692"},"modified":"2022-06-18T09:38:24","modified_gmt":"2022-06-18T07:38:24","slug":"cuanto-dinero-me-dan-por-despido-improcedente-en-espana","status":"publish","type":"post","link":"https:\/\/sucurriculum.com\/noticias\/cuanto-dinero-me-dan-por-despido-improcedente-en-espana\/","title":{"rendered":"Cu\u00e1nto dinero me dan por despido improcedente en Espa\u00f1a"},"content":{"rendered":"\n<p>El despido improcedente es la decisi\u00f3n unilateral de un empresario para terminar la relaci\u00f3n laboral con un trabajador, prescindiendo las cusas o requisitos exigidos por ley. En estos casos, el trabajador tiene derecho al cobro de una indemnizaci\u00f3n.<\/p>\n\n\n\n<p>De hecho, en el Estatuto de los Trabajadores se regula que, cuando un despido sea declarado como improcedente, el empresario deber\u00e1 decidir en un plazo de cinco d\u00edas si readmite al trabajador o, por el contrario, le paga una indemnizaci\u00f3n.<\/p>\n\n\n\n<h6 class=\"wp-block-heading\">\u00bfDe cu\u00e1nto es la indemnizaci\u00f3n por despido improcedente?<\/h6>\n\n\n\n<p>Seg\u00fan la actual regulaci\u00f3n, esta indemnizaci\u00f3n corresponde a 33 d\u00edas de salario por cada a\u00f1o trabajado, prorrate\u00e1ndose por meses los periodos de tiempo inferiores a un a\u00f1o hasta un m\u00e1ximo de 24 mensualidades.<\/p>\n\n\n\n<p>Adem\u00e1s, hay que saber que el actual sistema de indemnizaciones, que reconoce los 33 d\u00edas de salario por cada a\u00f1o trabajado, se aplica solamente a los contratos suscritos a partir del 12 de febrero de 2012.<\/p>\n\n\n\n<p>En cambio, para los contratos suscritos antes del 12 de febrero de 2012, se calcula la indemnizaci\u00f3n contando un total de 45 d\u00edas por cada a\u00f1o trabajado anterior a dicha fecha.<\/p>\n\n\n\n<p>De hecho, actualmente, el Gobierno est\u00e1 tratando de aprobar un acuerdo para modificar la actual ley que regula las indemnizaciones y, de este modo, volver a recuperar los 45 d\u00edas de salario por cada a\u00f1o trabajado.<\/p>\n\n\n\n<p>Ser\u00eda una reforma que contemplar\u00eda las indemnizaciones en relaci\u00f3n a las circunstancias de cada trabajador despedido, de tal modo que no se fijar\u00eda una cantidad concreta de dinero por cada a\u00f1o trabajado. De hecho, el aumento a 45 d\u00edas estar\u00eda pensado para trabajadores de mayor edad que lleven poco tiempo cotizado.<\/p>\n","protected":false},"excerpt":{"rendered":"<p>El despido improcedente es la decisi\u00f3n unilateral de un empresario para terminar la relaci\u00f3n laboral con un trabajador.<\/p>\n","protected":false},"author":2,"featured_media":6693,"comment_status":"open","ping_status":"open","sticky":false,"template":"","format":"standard","meta":{"footnotes":""},"categories":[68],"tags":[1582,3965,238,416,21,3966],"class_list":["post-6692","post","type-post","status-publish","format-standard","has-post-thumbnail","hentry","category-consejos","tag-cuanto","tag-dan","tag-despido","tag-dinero","tag-espana","tag-improcedente"],"amp_enabled":true,"_links":{"self":[{"href":"https:\/\/sucurriculum.com\/noticias\/wp-json\/wp\/v2\/posts\/6692","targetHints":{"allow":["GET"]}}],"collection":[{"href":"https:\/\/sucurriculum.com\/noticias\/wp-json\/wp\/v2\/posts"}],"about":[{"href":"https:\/\/sucurriculum.com\/noticias\/wp-json\/wp\/v2\/types\/post"}],"author":[{"embeddable":true,"href":"https:\/\/sucurriculum.com\/noticias\/wp-json\/wp\/v2\/users\/2"}],"replies":[{"embeddable":true,"href":"https:\/\/sucurriculum.com\/noticias\/wp-json\/wp\/v2\/comments?post=6692"}],"version-history":[{"count":1,"href":"https:\/\/sucurriculum.com\/noticias\/wp-json\/wp\/v2\/posts\/6692\/revisions"}],"predecessor-version":[{"id":6694,"href":"https:\/\/sucurriculum.com\/noticias\/wp-json\/wp\/v2\/posts\/6692\/revisions\/6694"}],"wp:featuredmedia":[{"embeddable":true,"href":"https:\/\/sucurriculum.com\/noticias\/wp-json\/wp\/v2\/media\/6693"}],"wp:attachment":[{"href":"https:\/\/sucurriculum.com\/noticias\/wp-json\/wp\/v2\/media?parent=6692"}],"wp:term":[{"taxonomy":"category","embeddable":true,"href":"https:\/\/sucurriculum.com\/noticias\/wp-json\/wp\/v2\/categories?post=6692"},{"taxonomy":"post_tag","embeddable":true,"href":"https:\/\/sucurriculum.com\/noticias\/wp-json\/wp\/v2\/tags?post=6692"}],"curies":[{"name":"wp","href":"https:\/\/api.w.org\/{rel}","templated":true}]}}