{"id":6686,"date":"2022-06-16T07:42:03","date_gmt":"2022-06-16T05:42:03","guid":{"rendered":"https:\/\/sucurriculum.com\/noticias\/?p=6686"},"modified":"2022-06-16T07:42:04","modified_gmt":"2022-06-16T05:42:04","slug":"bono-de-ayuda-al-alquiler-para-jovenes","status":"publish","type":"post","link":"https:\/\/sucurriculum.com\/noticias\/bono-de-ayuda-al-alquiler-para-jovenes\/","title":{"rendered":"Bono de ayuda al alquiler para j\u00f3venes"},"content":{"rendered":"\n<p>El mi\u00e9rcoles, 8 de junio, se abri\u00f3 el plazo para solicitar el Bono Alquiler Joven aprobado por el Gobierno. Se trata de una ayuda de 250 euros mensuales durante un m\u00e1ximo de dos a\u00f1os que permitir\u00e1 a los inquilinos de 18 a 35 a\u00f1os que cumplan los requisitos de renta a pagar el alquiler.<\/p>\n\n\n\n<p><strong>Para poder acceder a la ayuda es necesario estar empadronado en la vivienda o habitaci\u00f3n arrendada, tener una fuente regular de ingresos y no deber ninguna mensualidad del alquiler. <\/strong>La ayuda se limitar\u00e1 a alquileres de hasta 600 euros al mes, si bien las autonom\u00edas para llevarlo a los 900 euros al mes. Es el caso del \u00e1rea metropolitana de Barcelona (Baix Llobregat, Barcelon\u00e9s, Maresme, Vall\u00e8s Occidental, Vall\u00e8s Oriental).<\/p>\n\n\n\n<p>Si se solicita la ayuda para el alquiler entero de la vivienda se tendr\u00e1n en cuenta los ingresos de todos los miembros de la unidad de convivencia en edad laboral, consten o no como titulares del contrato. Cuando en una misma vivienda dos o m\u00e1s personas titulares del contrato soliciten la subvenci\u00f3n se considerar\u00e1n los ingresos individuales.<\/p>\n\n\n\n<p>En el caso de la ayuda para el alquiler o cesi\u00f3n de uso de una habitaci\u00f3n, solo se considerar\u00e1n los ingresos de la persona f\u00edsica subarrendataria o arrendataria solicitante. El l\u00edmite de ingresos anuales ser\u00e1 de 23.664,15 euros en el 2021, que ascender\u00e1n a 24.301,57 en el 2022.<\/p>\n\n\n\n<p>En Catalunya ser\u00e1 la Generalitat la encargada de repartir estos fondos, que en su caso ascienden a 29 millones de euros \u2013el 14,5% de los 200 millones presupuestados a nivel estatal para la medida, si bien los j\u00f3venes catalanes representan el 17% del total\u2013. Una cantidad que permitir\u00e1 ayudar a unos 10.000 j\u00f3venes. En el conjunto de Espa\u00f1a se estima que los beneficiarios est\u00e9n entre los 60.000 y los 70.000 j\u00f3venes.<\/p>\n\n\n\n<p>El bono se enmarca en el Plan de Vivienda 2022-2025 y tiene como objetivo elevar las bajas tasas de emancipaci\u00f3n juvenil en Espa\u00f1a, ya que apenas el 15% de los j\u00f3venes de 16 a 29 a\u00f1os se han ido de casa de sus padres.<\/p>\n\n\n\n<p><strong>Las solicitudes se pueden presentar por internet o presencialmente en las oficinas que disponga cada comunidad aut\u00f3noma entre el 8 de junio a las 9.00 h y el 17 de junio a las 17.00h. Las peticiones se resolver\u00e1n por orden de presentaci\u00f3n hasta que se agote la financiaci\u00f3n disponible.<\/strong><\/p>\n","protected":false},"excerpt":{"rendered":"<p>Se trata de una ayuda de 250 euros mensuales durante un m\u00e1ximo de dos a\u00f1os que permitir\u00e1 a los inquilinos de 18 a 35 a\u00f1os que cumplan los requisitos de renta a pagar el alquiler.<\/p>\n","protected":false},"author":2,"featured_media":6687,"comment_status":"open","ping_status":"open","sticky":false,"template":"","format":"standard","meta":{"footnotes":""},"categories":[35],"tags":[134,206,829,995],"class_list":["post-6686","post","type-post","status-publish","format-standard","has-post-thumbnail","hentry","category-ayudas","tag-alquiler","tag-ayuda","tag-bono","tag-jovenes"],"amp_enabled":true,"_links":{"self":[{"href":"https:\/\/sucurriculum.com\/noticias\/wp-json\/wp\/v2\/posts\/6686","targetHints":{"allow":["GET"]}}],"collection":[{"href":"https:\/\/sucurriculum.com\/noticias\/wp-json\/wp\/v2\/posts"}],"about":[{"href":"https:\/\/sucurriculum.com\/noticias\/wp-json\/wp\/v2\/types\/post"}],"author":[{"embeddable":true,"href":"https:\/\/sucurriculum.com\/noticias\/wp-json\/wp\/v2\/users\/2"}],"replies":[{"embeddable":true,"href":"https:\/\/sucurriculum.com\/noticias\/wp-json\/wp\/v2\/comments?post=6686"}],"version-history":[{"count":1,"href":"https:\/\/sucurriculum.com\/noticias\/wp-json\/wp\/v2\/posts\/6686\/revisions"}],"predecessor-version":[{"id":6688,"href":"https:\/\/sucurriculum.com\/noticias\/wp-json\/wp\/v2\/posts\/6686\/revisions\/6688"}],"wp:featuredmedia":[{"embeddable":true,"href":"https:\/\/sucurriculum.com\/noticias\/wp-json\/wp\/v2\/media\/6687"}],"wp:attachment":[{"href":"https:\/\/sucurriculum.com\/noticias\/wp-json\/wp\/v2\/media?parent=6686"}],"wp:term":[{"taxonomy":"category","embeddable":true,"href":"https:\/\/sucurriculum.com\/noticias\/wp-json\/wp\/v2\/categories?post=6686"},{"taxonomy":"post_tag","embeddable":true,"href":"https:\/\/sucurriculum.com\/noticias\/wp-json\/wp\/v2\/tags?post=6686"}],"curies":[{"name":"wp","href":"https:\/\/api.w.org\/{rel}","templated":true}]}}