{"id":6683,"date":"2022-06-16T07:21:51","date_gmt":"2022-06-16T05:21:51","guid":{"rendered":"https:\/\/sucurriculum.com\/noticias\/?p=6683"},"modified":"2022-06-20T12:25:45","modified_gmt":"2022-06-20T10:25:45","slug":"dia-contratara-a-un-millar-personas-para-reforzar-sus-supermercados","status":"publish","type":"post","link":"https:\/\/sucurriculum.com\/noticias\/dia-contratara-a-un-millar-personas-para-reforzar-sus-supermercados\/","title":{"rendered":"Dia contratar\u00e1 a un millar personas para reforzar sus supermercados"},"content":{"rendered":"\n<p>Dia Espa\u00f1a tiene previsto incorporar aproximadamente 1.000 trabajadores para reforzar sus tiendas ante el inicio de la campa\u00f1a de verano, seg\u00fan ha informado la compa\u00f1\u00eda en un comunicado.<\/p>\n\n\n\n<p>En concreto, la firma apuesta por la creaci\u00f3n de empleo y refuerza su plantilla para cubrir el incremento de demanda que se produce en esta \u00e9poca del a\u00f1o en algunas zonas de Espa\u00f1a, principalmente en el litoral mediterr\u00e1neo y la costa norte. Destinos vacacionales en los que, adem\u00e1s, Dia incrementar\u00e1 el horario de apertura de algunas tiendas para ser a\u00fan m\u00e1s accesibles.<\/p>\n\n\n\n<p>La cadena de supermercados ha precisado que estas nuevas incorporaciones de personal de tienda se centrar\u00e1n principalmente en los puestos de reposici\u00f3n y caja.<\/p>\n\n\n\n<p>De esta forma, se ofrecer\u00e1n m\u00e1s de 350 empleos en la costa norte, m\u00e1s de 250 en Andaluc\u00eda, 100 en Levante, 100 en Catalu\u00f1a y 200 contrataciones m\u00e1s en otras zonas sensibles al incremento de demanda durante el per\u00edodo vacacional.<\/p>\n\n\n\n<h6 class=\"wp-block-heading\">Ampliaci\u00f3n del servicio &#8216;online&#8217; en la costa<\/h6>\n\n\n\n<p>Por otro lado, la compa\u00f1\u00eda ha recordado que para garantizar a sus clientes una experiencia de compra de proximidad y digital adaptada a sus necesidades, a partir del 15 de junio ampliar\u00e1 la entrega de pedidos online en todas las poblaciones de la costa espa\u00f1ola, desde Gerona hasta Huelva, llegando a m\u00e1s de cinco millones de nuevos clientes.<\/p>\n\n\n\n<p>Este servicio ya est\u00e1 disponible en cerca de 800 poblaciones de toda Espa\u00f1a, la mayor\u00eda de las capitales de provincia y los municipios m\u00e1s visitados en \u00e9poca estival. Adem\u00e1s, permite al cliente elegir cu\u00e1ndo quiere recibir sus pedidos, desde las 8.00 hasta las 22.00 horas.<\/p>\n\n\n\n<p>La oferta online de &#8216;dia.es&#8217; comprende todo su surtido, unas 7.000 referencias en todas las categor\u00edas de alimentaci\u00f3n y droguer\u00eda, incluyendo congelados y productos frescos como fruta, verdura y carne. En ella destaca su \u00abamplia\u00bb gama de productos de marca propia, con m\u00e1s de 1.500 referencias.<\/p>\n\n\n\n<p>Aqu\u00ed os dejamos el <a href=\"https:\/\/www.dia.es\/tiendas\/empleo\">enlace a su web de empleo<\/a>.<\/p>\n","protected":false},"excerpt":{"rendered":"<p>Dia Espa\u00f1a tiene previsto incorporar aproximadamente 1.000 trabajadores para reforzar sus tiendas ante el inicio de la campa\u00f1a de verano.<\/p>\n","protected":false},"author":2,"featured_media":6684,"comment_status":"open","ping_status":"open","sticky":false,"template":"","format":"standard","meta":{"footnotes":""},"categories":[65],"tags":[1023,89,2813,264,1508,90,211],"class_list":["post-6683","post","type-post","status-publish","format-standard","has-post-thumbnail","hentry","category-ofertas-de-empleo","tag-contratara","tag-dia","tag-mil","tag-personas","tag-reforzar","tag-supermercados","tag-verano"],"amp_enabled":true,"_links":{"self":[{"href":"https:\/\/sucurriculum.com\/noticias\/wp-json\/wp\/v2\/posts\/6683","targetHints":{"allow":["GET"]}}],"collection":[{"href":"https:\/\/sucurriculum.com\/noticias\/wp-json\/wp\/v2\/posts"}],"about":[{"href":"https:\/\/sucurriculum.com\/noticias\/wp-json\/wp\/v2\/types\/post"}],"author":[{"embeddable":true,"href":"https:\/\/sucurriculum.com\/noticias\/wp-json\/wp\/v2\/users\/2"}],"replies":[{"embeddable":true,"href":"https:\/\/sucurriculum.com\/noticias\/wp-json\/wp\/v2\/comments?post=6683"}],"version-history":[{"count":1,"href":"https:\/\/sucurriculum.com\/noticias\/wp-json\/wp\/v2\/posts\/6683\/revisions"}],"predecessor-version":[{"id":6685,"href":"https:\/\/sucurriculum.com\/noticias\/wp-json\/wp\/v2\/posts\/6683\/revisions\/6685"}],"wp:featuredmedia":[{"embeddable":true,"href":"https:\/\/sucurriculum.com\/noticias\/wp-json\/wp\/v2\/media\/6684"}],"wp:attachment":[{"href":"https:\/\/sucurriculum.com\/noticias\/wp-json\/wp\/v2\/media?parent=6683"}],"wp:term":[{"taxonomy":"category","embeddable":true,"href":"https:\/\/sucurriculum.com\/noticias\/wp-json\/wp\/v2\/categories?post=6683"},{"taxonomy":"post_tag","embeddable":true,"href":"https:\/\/sucurriculum.com\/noticias\/wp-json\/wp\/v2\/tags?post=6683"}],"curies":[{"name":"wp","href":"https:\/\/api.w.org\/{rel}","templated":true}]}}