{"id":6678,"date":"2022-06-15T10:33:47","date_gmt":"2022-06-15T08:33:47","guid":{"rendered":"https:\/\/sucurriculum.com\/noticias\/?p=6678"},"modified":"2022-06-15T10:33:47","modified_gmt":"2022-06-15T08:33:47","slug":"por-que-faltan-profesionales-en-espana","status":"publish","type":"post","link":"https:\/\/sucurriculum.com\/noticias\/por-que-faltan-profesionales-en-espana\/","title":{"rendered":"\u00bfPor qu\u00e9 faltan profesionales en Espa\u00f1a?"},"content":{"rendered":"\n<p>Es muy triste pensar que unos cuantos cientos de miles de j\u00f3venes no van a poder estudiar la carrera de sus sue\u00f1os&#8230; en Espa\u00f1a tenemos por costumbre justificarlo con el sin sentido del no todos puede hacer lo que quieren o el vulgarmente hablando el no todo el mundo vale.<\/p>\n\n\n\n<p>El problema no est\u00e1 en los j\u00f3venes, el problema est\u00e1 en un sistema deficitario en cuanto a plazas disponibles para estudiar ciertas carreras como ingenier\u00edas y sanitarias&#8230; es as\u00ed de simple.<\/p>\n\n\n\n<p>Plazas a las que optan un grupo muy muy reducido que bien por m\u00e9ritos o por suerte entran a formar parte de unos estudios muy demandados laboralmente.<\/p>\n\n\n\n<p>Cuando digo por suerte me refiero al hecho de haber hecho unas pruebas en determinadas que comunidades y tener la suerte de haber sido evaluado por personas sensatas o como el caso de Castilla la Mancha y su examen por ejemplo de matem\u00e1ticas un completo desprop\u00f3sito.<\/p>\n\n\n\n<p>Un sistema que se auto denomina formador de personas y competencias y que eval\u00faa en un simple examen la val\u00eda o no de las personas.<\/p>\n\n\n\n<p>En ciencias y en materias como matem\u00e1ticas, dibujos t\u00e9cnico, f\u00edsica es muy complicado evaluar la capacidad resolutiva de las personas sin convivir con ellas a diario&#8230;<\/p>\n\n\n\n<p>Impartir derecho, econ\u00f3micas o magisterio es mucho m\u00e1s barato que impartir medicina, fisioterapia, enfermer\u00eda o cualquier ingenier\u00eda. Este es el gran problema de nuestro sistema&#8230;<\/p>\n\n\n\n<p>Es triste decir que esto no es un problema de validez de los j\u00f3venes, es un problema de validez del sistema espa\u00f1ol&#8230;<\/p>\n","protected":false},"excerpt":{"rendered":"<p>Es muy triste pensar que unos cuantos cientos de miles de j\u00f3venes no van a poder estudiar la carrera de sus sue\u00f1os&#8230; en Espa\u00f1a tenemos por costumbre justificarlo con el sin sentido del no todos puede hacer lo que quieren o el vulgarmente hablando el no todo el mundo vale.<\/p>\n","protected":false},"author":1,"featured_media":6680,"comment_status":"open","ping_status":"open","sticky":false,"template":"","format":"standard","meta":{"footnotes":""},"categories":[66,2,859],"tags":[3954,1148,3955],"class_list":["post-6678","post","type-post","status-publish","format-standard","has-post-thumbnail","hentry","category-noticias-actualidad","category-noticias","category-otros-temas","tag-evau","tag-profesiones","tag-selectividad"],"amp_enabled":true,"_links":{"self":[{"href":"https:\/\/sucurriculum.com\/noticias\/wp-json\/wp\/v2\/posts\/6678","targetHints":{"allow":["GET"]}}],"collection":[{"href":"https:\/\/sucurriculum.com\/noticias\/wp-json\/wp\/v2\/posts"}],"about":[{"href":"https:\/\/sucurriculum.com\/noticias\/wp-json\/wp\/v2\/types\/post"}],"author":[{"embeddable":true,"href":"https:\/\/sucurriculum.com\/noticias\/wp-json\/wp\/v2\/users\/1"}],"replies":[{"embeddable":true,"href":"https:\/\/sucurriculum.com\/noticias\/wp-json\/wp\/v2\/comments?post=6678"}],"version-history":[{"count":1,"href":"https:\/\/sucurriculum.com\/noticias\/wp-json\/wp\/v2\/posts\/6678\/revisions"}],"predecessor-version":[{"id":6681,"href":"https:\/\/sucurriculum.com\/noticias\/wp-json\/wp\/v2\/posts\/6678\/revisions\/6681"}],"wp:featuredmedia":[{"embeddable":true,"href":"https:\/\/sucurriculum.com\/noticias\/wp-json\/wp\/v2\/media\/6680"}],"wp:attachment":[{"href":"https:\/\/sucurriculum.com\/noticias\/wp-json\/wp\/v2\/media?parent=6678"}],"wp:term":[{"taxonomy":"category","embeddable":true,"href":"https:\/\/sucurriculum.com\/noticias\/wp-json\/wp\/v2\/categories?post=6678"},{"taxonomy":"post_tag","embeddable":true,"href":"https:\/\/sucurriculum.com\/noticias\/wp-json\/wp\/v2\/tags?post=6678"}],"curies":[{"name":"wp","href":"https:\/\/api.w.org\/{rel}","templated":true}]}}