{"id":6664,"date":"2022-06-10T09:12:16","date_gmt":"2022-06-10T07:12:16","guid":{"rendered":"https:\/\/sucurriculum.com\/noticias\/?p=6664"},"modified":"2022-06-13T12:43:36","modified_gmt":"2022-06-13T10:43:36","slug":"adecco-busca-1-000-personas-para-trabajar-de-dependientes","status":"publish","type":"post","link":"https:\/\/sucurriculum.com\/noticias\/adecco-busca-1-000-personas-para-trabajar-de-dependientes\/","title":{"rendered":"Adecco busca 1.000 personas para trabajar de dependientes"},"content":{"rendered":"\n<p>El sector de la distribuci\u00f3n y el comercio minorista calienta motores para la campa\u00f1a de verano, con las rebajas de julio como gran acontecimiento de la temporada. La \u00e9poca estival est\u00e1 marcada por una mayor volumen de trabajo a causa de las vacaciones de los trabajadores regulares y del aumento de clientes por el pico de turistas y por las rebajas. Estos son los ingredientes que cada a\u00f1o hacen proliferar los empleos temporales durante la campa\u00f1a de verano. Para todos aquellos que ya est\u00e1n buscando una vacante que cubrir, la compa\u00f1\u00eda de recursos humanos Adecco ha informado este martes de que est\u00e1 ofreciendo 1.000 nuevos puestos de trabajo en el sector de la distribuci\u00f3n y \u201cretail\u201d en toda Espa\u00f1a, como adelanto a la pr\u00f3xima campa\u00f1a de verano.<\/p>\n\n\n\n<p>En un comunicado, Adecco ha indicado que est\u00e1 seleccionando perfiles orientados al apoyo en tienda y gesti\u00f3n del producto en las principales empresas del pa\u00eds. Los perfiles m\u00e1s demandados son principalmente los de dependientes y promotores en las \u00e1reas de cosm\u00e9tica, moda y tecnolog\u00eda.<\/p>\n\n\n\n<p>Atendiendo a la distribuci\u00f3n geogr\u00e1fica de estas 1.000 vacantes, las regiones que est\u00e1n ofertando m\u00e1s empleo ahora mismo son la Comunidad de Madrid, Andaluc\u00eda, la Comunidad Valenciana, el Pa\u00eds Vasco, Arag\u00f3n, Baleares, Catalu\u00f1a, La Rioja y Castilla y Le\u00f3n.<\/p>\n\n\n\n<h6 class=\"wp-block-heading\">Funciones<\/h6>\n\n\n\n<p>Las funciones de los candidatos seleccionados ser\u00e1n variadas dependiendo del puesto, ya que hay muchas vacantes para cubrir. La misi\u00f3n de los empleados en las ofertas de dependientes ser\u00e1 la reposici\u00f3n de existencias, atenci\u00f3n al cliente y asesoramiento si se requiere, mantenimiento del orden y la limpieza del establecimiento, y apoyo al equipo en las tareas del establecimiento. Mientras, los perfiles seleccionados para la posici\u00f3n de promotores se encargar\u00e1n de atender el stand, la promoci\u00f3n, el asesoramiento e incentivaci\u00f3n de las ventas de productos, dando informaci\u00f3n precisa sobre ello con la finalidad de vender y continuar con la acci\u00f3n comercial.<\/p>\n\n\n\n<h6 class=\"wp-block-heading\">Requisitos<\/h6>\n\n\n\n<p>Las personas que quieran acceder a estas ofertas deber\u00e1n tener experiencia previa en atenci\u00f3n al cliente y ventas. Adecco est\u00e1 buscando personas din\u00e1micas, con buena comunicaci\u00f3n y fluidez verbal, orientaci\u00f3n al cliente y buenas dotes comerciales. En algunas vacantes se requiere disponibilidad completa para incorporaci\u00f3n inmediata. \u201cSe trata de una gran oportunidad para todas aquellas personas organizadas que les gusta ayudar y el trato al cliente, que busquen un trabajo a jornada completa o a media, con un buen ambiente laboral\u201d, ha se\u00f1alado Adecco. Las ofertas se pueden consultar en <a href=\"https:\/\/empleo.adecco.es\/trabajar-en-sector-retail\/\">este enlace<\/a>.<\/p>\n","protected":false},"excerpt":{"rendered":"<p>Adecco ha informado de que est\u00e1 ofreciendo 1.000 nuevos puestos de trabajo en el sector de la distribuci\u00f3n y retail en toda Espa\u00f1a.<\/p>\n","protected":false},"author":2,"featured_media":6665,"comment_status":"open","ping_status":"open","sticky":false,"template":"","format":"standard","meta":{"footnotes":""},"categories":[2],"tags":[94,1178,3911,264,24],"class_list":["post-6664","post","type-post","status-publish","format-standard","has-post-thumbnail","hentry","category-noticias","tag-94","tag-adecco","tag-dependientes","tag-personas","tag-trabajar"],"amp_enabled":true,"_links":{"self":[{"href":"https:\/\/sucurriculum.com\/noticias\/wp-json\/wp\/v2\/posts\/6664","targetHints":{"allow":["GET"]}}],"collection":[{"href":"https:\/\/sucurriculum.com\/noticias\/wp-json\/wp\/v2\/posts"}],"about":[{"href":"https:\/\/sucurriculum.com\/noticias\/wp-json\/wp\/v2\/types\/post"}],"author":[{"embeddable":true,"href":"https:\/\/sucurriculum.com\/noticias\/wp-json\/wp\/v2\/users\/2"}],"replies":[{"embeddable":true,"href":"https:\/\/sucurriculum.com\/noticias\/wp-json\/wp\/v2\/comments?post=6664"}],"version-history":[{"count":1,"href":"https:\/\/sucurriculum.com\/noticias\/wp-json\/wp\/v2\/posts\/6664\/revisions"}],"predecessor-version":[{"id":6666,"href":"https:\/\/sucurriculum.com\/noticias\/wp-json\/wp\/v2\/posts\/6664\/revisions\/6666"}],"wp:featuredmedia":[{"embeddable":true,"href":"https:\/\/sucurriculum.com\/noticias\/wp-json\/wp\/v2\/media\/6665"}],"wp:attachment":[{"href":"https:\/\/sucurriculum.com\/noticias\/wp-json\/wp\/v2\/media?parent=6664"}],"wp:term":[{"taxonomy":"category","embeddable":true,"href":"https:\/\/sucurriculum.com\/noticias\/wp-json\/wp\/v2\/categories?post=6664"},{"taxonomy":"post_tag","embeddable":true,"href":"https:\/\/sucurriculum.com\/noticias\/wp-json\/wp\/v2\/tags?post=6664"}],"curies":[{"name":"wp","href":"https:\/\/api.w.org\/{rel}","templated":true}]}}