{"id":6661,"date":"2022-06-10T08:54:59","date_gmt":"2022-06-10T06:54:59","guid":{"rendered":"https:\/\/sucurriculum.com\/noticias\/?p=6661"},"modified":"2022-06-10T08:55:00","modified_gmt":"2022-06-10T06:55:00","slug":"sanchez-dispara-el-empleo-publico","status":"publish","type":"post","link":"https:\/\/sucurriculum.com\/noticias\/sanchez-dispara-el-empleo-publico\/","title":{"rendered":"S\u00e1nchez dispara el empleo p\u00fablico"},"content":{"rendered":"\n<p>Entre marzo de 2019 y marzo de 2022 se ha inflado la contrataci\u00f3n del sector p\u00fablico en 306.134 personas. Entre febrero de 2020 y abril de 2022 uno de cada tres afiliados pertenece al \u00e1rea p\u00fablica. Ning\u00fan pa\u00eds de nuestro entorno ha llevado a cabo un proceso semejante de maquillaje. Adicionalmente, seg\u00fan las cifras oficiales de Contabilidad Nacional del INE, en 2021 la suma de los sueldos funcionarios y resto de plantilla del sector p\u00fablico ascendi\u00f3 a 147.363 millones anuales, con un crecimiento del 10% anual. Esto significa que Espa\u00f1a ya gasta en salarios p\u00fablicos y pensiones m\u00e1s de 300.000 millones de euros.<\/p>\n\n\n\n<p>Disparar la contrataci\u00f3n p\u00fablica es extremadamente negativo porque disfraza los datos de empleo, financiando dicho gasto con m\u00e1s deuda y d\u00e9ficit. Al disparar el gasto corriente, que se consolida y anualiza, el Gobierno pone en peligro las cuentas p\u00fablicas y, con ello, los salarios de funcionarios de carrera que hacen un trabajo necesario. Y los primeros que deber\u00edan estar alarmados ante el enorme aumento de empleo p\u00fablico son los funcionarios, porque pone en peligro sus salarios futuros.<\/p>\n\n\n\n<p>La suma de los sueldos funcionarios y del resto del sector p\u00fablico ascendi\u00f3 en 2021 a 147.363 millones<br>Es importante recordar que ese enorme aumento de gasto no se puede cubrir con impuestos y mucho menos de manera sostenible. El gasto en sueldos p\u00fablicos ha aumentado en casi 20.000 millones desde que lleg\u00f3 S\u00e1nchez al Gobierno. No existe ninguna medida de ingresos por mayores impuestos ni en los sue\u00f1os m\u00e1s alocados de un bur\u00f3crata que genere 20.000 millones anuales, recurrentes y aumentados con el IPC.<\/p>\n\n\n\n<p>Esa inviabilidad presupuestaria se hace a\u00fan m\u00e1s evidente si a\u00f1adimos las pensiones. Seg\u00fan estimaciones independientes, cada punto de IPC supone un coste adicional de 1.700 millones de euros. Con una inflaci\u00f3n desbocada al 8,7% y el IPC subyacente en el 4,9%<\/p>\n\n\n\n<p>Debemos preocuparnos por la excesiva dimensi\u00f3n del sector p\u00fablico y su coste. Espa\u00f1a tiene menos funcionarios que Alemania, pero el coste de salarios p\u00fablicos es casi tres puntos superior con respecto al PIB, lo que nos recuerda que la cr\u00edtica no debe ir a los funcionarios de carrera sino al enorme agujero de contrataci\u00f3n por gasto pol\u00edtico innecesario.<\/p>\n\n\n\n<p>El gasto en salarios p\u00fablicos ha aumentado en casi 20.000 millones desde que lleg\u00f3 S\u00e1nchez<br>Muchos argumentan que la contrataci\u00f3n p\u00fablica es buena porque supone empleos seguros. El problema es que se olvidan de que esos salarios se pagan con los ingresos del sector privado. No existe sector p\u00fablico sin el sector privado. Por eso los funcionarios deben ser los primeros en incentivar y facilitar un sector privado potente, creciente y pr\u00f3spero. Les va el sueldo en ello.<\/p>\n\n\n\n<p>Disparar la contrataci\u00f3n p\u00fablica financiada con deuda es una pol\u00edtica profundamente antisocial. Hace las cuentas p\u00fablicas insostenibles, el d\u00e9ficit estructural mayor y termina inevitablemente con enormes recortes a las pensiones y los salarios p\u00fablicos. Los problemas ser\u00e1n evidentes cuando la situaci\u00f3n financiera del Estado salga a la luz con toda su crudeza, con una deuda sobre PIB que se estima en 117%, un d\u00e9ficit anual que supera al de cualquiera de nuestros socios y sin el paraguas del Banco Central Europeo disfrazando el riesgo.<\/p>\n\n\n\n<p>Esta pol\u00edtica es la que hundi\u00f3 a Grecia. Entre 1976 y 2012, el empleo p\u00fablico se multiplic\u00f3 por tres mientras el privado solo crec\u00eda un 25%. El agujero que cre\u00f3 en la econom\u00eda llev\u00f3 a una crisis sin precedentes y, como alertaban muchos economistas en su momento, a enormes recortes de pensiones y salarios p\u00fablicos posteriores.<\/p>\n\n\n\n<p>Un trabajador p\u00fablico que ve que su Administraci\u00f3n, que ha aumentado el d\u00e9ficit estructural a 50.000 millones de euros anuales, se dedica a contratar mucha m\u00e1s gente con m\u00e1s deuda deber\u00eda empezar a preocuparse por la sostenibilidad de su puesto de trabajo. Pero claro, al que echar\u00e1n la culpa de los recortes es al que tenga que gestionar la quiebra, no al que quebr\u00f3 el sistema.<\/p>\n","protected":false},"excerpt":{"rendered":"<p>El Gobierno de Espa\u00f1a ha disparado la contrataci\u00f3n p\u00fablica para disfrazar las malas cifras de empleo. <\/p>\n","protected":false},"author":2,"featured_media":6662,"comment_status":"open","ping_status":"open","sticky":false,"template":"","format":"standard","meta":{"footnotes":""},"categories":[66],"tags":[1309,137,798,107],"class_list":["post-6661","post","type-post","status-publish","format-standard","has-post-thumbnail","hentry","category-noticias-actualidad","tag-dispara","tag-empleo","tag-publico","tag-sanchez"],"amp_enabled":true,"_links":{"self":[{"href":"https:\/\/sucurriculum.com\/noticias\/wp-json\/wp\/v2\/posts\/6661","targetHints":{"allow":["GET"]}}],"collection":[{"href":"https:\/\/sucurriculum.com\/noticias\/wp-json\/wp\/v2\/posts"}],"about":[{"href":"https:\/\/sucurriculum.com\/noticias\/wp-json\/wp\/v2\/types\/post"}],"author":[{"embeddable":true,"href":"https:\/\/sucurriculum.com\/noticias\/wp-json\/wp\/v2\/users\/2"}],"replies":[{"embeddable":true,"href":"https:\/\/sucurriculum.com\/noticias\/wp-json\/wp\/v2\/comments?post=6661"}],"version-history":[{"count":1,"href":"https:\/\/sucurriculum.com\/noticias\/wp-json\/wp\/v2\/posts\/6661\/revisions"}],"predecessor-version":[{"id":6663,"href":"https:\/\/sucurriculum.com\/noticias\/wp-json\/wp\/v2\/posts\/6661\/revisions\/6663"}],"wp:featuredmedia":[{"embeddable":true,"href":"https:\/\/sucurriculum.com\/noticias\/wp-json\/wp\/v2\/media\/6662"}],"wp:attachment":[{"href":"https:\/\/sucurriculum.com\/noticias\/wp-json\/wp\/v2\/media?parent=6661"}],"wp:term":[{"taxonomy":"category","embeddable":true,"href":"https:\/\/sucurriculum.com\/noticias\/wp-json\/wp\/v2\/categories?post=6661"},{"taxonomy":"post_tag","embeddable":true,"href":"https:\/\/sucurriculum.com\/noticias\/wp-json\/wp\/v2\/tags?post=6661"}],"curies":[{"name":"wp","href":"https:\/\/api.w.org\/{rel}","templated":true}]}}