{"id":6643,"date":"2022-06-06T08:18:14","date_gmt":"2022-06-06T06:18:14","guid":{"rendered":"https:\/\/sucurriculum.com\/noticias\/?p=6643"},"modified":"2022-06-06T08:18:14","modified_gmt":"2022-06-06T06:18:14","slug":"ikea-abrira-una-nueva-tienda-en-madrid-de-7-500-metros-cuadrados","status":"publish","type":"post","link":"https:\/\/sucurriculum.com\/noticias\/ikea-abrira-una-nueva-tienda-en-madrid-de-7-500-metros-cuadrados\/","title":{"rendered":"Ikea abrir\u00e1 una nueva tienda en Madrid de 7.500 metros cuadrados"},"content":{"rendered":"\n<p>Ikea abrir\u00e1 una tienda de 7.500 metros cuadrados en el centro comercial Parque Corredor, ubicado en Torrej\u00f3n de Ardoz (Madrid), en los pr\u00f3ximos meses, que dar\u00e1 empleo a unas 180 personas, seg\u00fan ha informado la empresa de gesti\u00f3n de inversiones inmobiliarias especializada en activos &#8216;retail&#8217; Redevco.<\/p>\n\n\n\n<p>La entrada de Ikea en el mayor centro comercial en la zona Noreste de Madrid confirma el inter\u00e9s de los m\u00e1s importantes operadores por estar presentes en dicho centro y se une a Inditex (con tiendas de Zara, Bershka, Stradivarius y Pull &amp; Bear), Primark, Kiabi, H&amp;M, Sfera, El Corte Ingl\u00e9s, Primor, Sprinter y JD Sport, entre otros.<\/p>\n\n\n\n<p>Este local se suma a los grandes establecimientos de Ikea en Alcorc\u00f3n, Ensanche de Vallecas y San Sebasti\u00e1n de los Reyes, adem\u00e1s de la tienda urbana de la calle Goya, en el centro de Madrid, y se sit\u00faa a caballo entre ese formato urbano de menos superficie y el tradicional de unos 30.000 metros con el que la multinacional ha crecido en Espa\u00f1a en los \u00faltimos a\u00f1os.<\/p>\n\n\n\n<p>Parque Corredor ha realizado durante los dos \u00faltimos a\u00f1os una completa reforma de sus instalaciones, en la que se han invertido 45 millones de euros, y sigue atrayendo a las primeras marcas en moda, ocio y restauraci\u00f3n, complementos, servicios y decoraci\u00f3n.<\/p>\n\n\n\n<p>En los \u00faltimos dos meses han abierto nuevos locales Hubside, Alain Afflelu, Solvisi\u00f3n, MGI, AW LAB, Hug&amp;Clau, Singularu, Harry, The Body Shop, Rituals, Rodilla, Pepco, Levi*s y Calzedonia. A estas aperturas se sumar\u00e1n nuevas marcas en los pr\u00f3ximos meses.<\/p>\n\n\n\n<p>Aqu\u00ed os dejamos un <a href=\"https:\/\/www.ikea.com\/es\/es\/this-is-ikea\/work-with-us\/\">enlace a su web de empleo<\/a>. \u00a1Animo amig@s! no dej\u00e9is de intentarlo.<\/p>\n","protected":false},"excerpt":{"rendered":"<p>Ikea abrir\u00e1 una tienda de 7.500 metros cuadrados en el centro comercial Parque Corredor, ubicado en Torrej\u00f3n de Ardoz (Madrid).<\/p>\n","protected":false},"author":2,"featured_media":6644,"comment_status":"open","ping_status":"open","sticky":false,"template":"","format":"standard","meta":{"footnotes":""},"categories":[65],"tags":[652,864,3888,1345,96,658,445,1568],"class_list":["post-6643","post","type-post","status-publish","format-standard","has-post-thumbnail","hentry","category-ofertas-de-empleo","tag-652","tag-abrira","tag-cuadrados","tag-ikea","tag-madrid","tag-metros","tag-nueva","tag-tienda"],"amp_enabled":true,"_links":{"self":[{"href":"https:\/\/sucurriculum.com\/noticias\/wp-json\/wp\/v2\/posts\/6643","targetHints":{"allow":["GET"]}}],"collection":[{"href":"https:\/\/sucurriculum.com\/noticias\/wp-json\/wp\/v2\/posts"}],"about":[{"href":"https:\/\/sucurriculum.com\/noticias\/wp-json\/wp\/v2\/types\/post"}],"author":[{"embeddable":true,"href":"https:\/\/sucurriculum.com\/noticias\/wp-json\/wp\/v2\/users\/2"}],"replies":[{"embeddable":true,"href":"https:\/\/sucurriculum.com\/noticias\/wp-json\/wp\/v2\/comments?post=6643"}],"version-history":[{"count":1,"href":"https:\/\/sucurriculum.com\/noticias\/wp-json\/wp\/v2\/posts\/6643\/revisions"}],"predecessor-version":[{"id":6645,"href":"https:\/\/sucurriculum.com\/noticias\/wp-json\/wp\/v2\/posts\/6643\/revisions\/6645"}],"wp:featuredmedia":[{"embeddable":true,"href":"https:\/\/sucurriculum.com\/noticias\/wp-json\/wp\/v2\/media\/6644"}],"wp:attachment":[{"href":"https:\/\/sucurriculum.com\/noticias\/wp-json\/wp\/v2\/media?parent=6643"}],"wp:term":[{"taxonomy":"category","embeddable":true,"href":"https:\/\/sucurriculum.com\/noticias\/wp-json\/wp\/v2\/categories?post=6643"},{"taxonomy":"post_tag","embeddable":true,"href":"https:\/\/sucurriculum.com\/noticias\/wp-json\/wp\/v2\/tags?post=6643"}],"curies":[{"name":"wp","href":"https:\/\/api.w.org\/{rel}","templated":true}]}}