{"id":6491,"date":"2022-05-19T09:00:14","date_gmt":"2022-05-19T07:00:14","guid":{"rendered":"https:\/\/sucurriculum.com\/noticias\/?p=6491"},"modified":"2022-05-19T09:00:14","modified_gmt":"2022-05-19T07:00:14","slug":"comienza-la-construccion-de-nexum-retail-park-de-fuenlabrada","status":"publish","type":"post","link":"https:\/\/sucurriculum.com\/noticias\/comienza-la-construccion-de-nexum-retail-park-de-fuenlabrada\/","title":{"rendered":"Comienza la construcci\u00f3n de Nexum Retail Park de Fuenlabrada"},"content":{"rendered":"\n<p>El alcalde de Fuenlabrada, Javier Ayala, ha protagonizado la colocaci\u00f3n de la primera piedra del espacio comercial y de ocio Nexum Retail Park, la primera de las tres grandes inversiones empresariales que se van a llevar a cabo en la localidad en los pr\u00f3ximos meses.<\/p>\n\n\n\n<p>La promotora inmobiliaria de origen belga Equilis ha dado luz verde a la construcci\u00f3n en la localidad de este innovador centro comercial, un nuevo concepto que combinar\u00e1 una gran superficie comercial con una residencia para estudiantes y un hotel, que ayudar\u00e1 a crear \u00abcerca de un millar de puestos de trabajo\u00bb.<\/p>\n\n\n\n<p>El proyecto, que se ubicar\u00e1 en una parcela de 48.000 metros cuadrados situada frente al parque de Bomberos de la localidad, contar\u00e1 con una inversi\u00f3n cercana a loas 110 millones de euros y est\u00e1 previsto que est\u00e9 finalizado \u00aben una duraci\u00f3n estimada de 18 meses\u00bb, seg\u00fan ha avanzado la compa\u00f1\u00eda en un comunicado.<\/p>\n\n\n\n<p>\u00abFuenlabrada est\u00e1 de moda. Lo demuestra que muchas empresas se est\u00e9n fijando en nuestra ciudad para invertir y crear empleo y riqueza\u00bb, ha insistido Ayala, qui\u00e9n ha reivindicado a Fuenlabrada como \u00abuna de las localidades m\u00e1s atractivas de la regi\u00f3n por su ubicaci\u00f3n geogr\u00e1fica y por la gesti\u00f3n realizada desde hace a\u00f1os\u00bb.<\/p>\n\n\n\n<p>En este sentido, el alcalde ha destacado la importancia de la construcci\u00f3n del nudo sobre la M-506 para conectar este nuevo proyecto, as\u00ed como los nuevos barrios de la ciudad, con el casco urbano, una reivindicaci\u00f3n hist\u00f3rica \u00abrealizada de manera reiterada a la Comunidad de Madrid\u00bb.<\/p>\n\n\n\n<p>\u00abFuenlabrada se ha convertido en un polo de atracci\u00f3n para la implantaci\u00f3n de importantes desarrollos industriales de iniciativa privada en la ciudad. No en vano, la ciudad acoger\u00e1 tres grandes proyectos empresariales que supondr\u00e1n la inversi\u00f3n de alrededor de 750 millones de euros\u00bb, ha a\u00f1adido el regidor socialista.<\/p>\n\n\n\n<p>Ayala ha recordado que, adem\u00e1s de la puesta en marcha de este nuevo proyecto de Nexum Retail Park, en los pr\u00f3ximos meses llegar\u00e1 a Fuenlabrada otra gran inversi\u00f3n, que se localizar\u00e1 en la parcela que estuvo ocupada en el pasado por la f\u00e1brica de Coca-Cola.<\/p>\n\n\n\n<p>All\u00ed se ubicar\u00e1 Madrid One, un centro tecnol\u00f3gico con una inversi\u00f3n de 600 millones de euros en el que se crear\u00e1n 300 puestos de trabajo directos y provocar\u00e1 la creaci\u00f3n de empresas sat\u00e9lites que posibilitar\u00e1 la generaci\u00f3n del triple de puestos de trabajo indirectos.<\/p>\n\n\n\n<p>Por \u00faltimo, la tercera gran inversi\u00f3n se ha implantado en el antiguo pol\u00edgono Callfersa, situado junto a la carretera M-506, un espacio log\u00edstico con una inversi\u00f3n cercana a los 30 millones de euros cuyos trabajos ya est\u00e1n pr\u00f3ximos a la finalizaci\u00f3n.<\/p>\n","protected":false},"excerpt":{"rendered":"<p>Un nuevo complejo comercial con una inversi\u00f3n cerca de los 110 millones de euros, que crear\u00e1 700 nuevos puestos de trabajo.<\/p>\n","protected":false},"author":2,"featured_media":6492,"comment_status":"open","ping_status":"open","sticky":false,"template":"","format":"standard","meta":{"footnotes":""},"categories":[66],"tags":[707,748,538,1281,3771,3773,3772],"class_list":["post-6491","post","type-post","status-publish","format-standard","has-post-thumbnail","hentry","category-noticias-actualidad","tag-centro","tag-comercial","tag-comienza","tag-construccion","tag-nexum","tag-park","tag-retail"],"amp_enabled":true,"_links":{"self":[{"href":"https:\/\/sucurriculum.com\/noticias\/wp-json\/wp\/v2\/posts\/6491","targetHints":{"allow":["GET"]}}],"collection":[{"href":"https:\/\/sucurriculum.com\/noticias\/wp-json\/wp\/v2\/posts"}],"about":[{"href":"https:\/\/sucurriculum.com\/noticias\/wp-json\/wp\/v2\/types\/post"}],"author":[{"embeddable":true,"href":"https:\/\/sucurriculum.com\/noticias\/wp-json\/wp\/v2\/users\/2"}],"replies":[{"embeddable":true,"href":"https:\/\/sucurriculum.com\/noticias\/wp-json\/wp\/v2\/comments?post=6491"}],"version-history":[{"count":1,"href":"https:\/\/sucurriculum.com\/noticias\/wp-json\/wp\/v2\/posts\/6491\/revisions"}],"predecessor-version":[{"id":6493,"href":"https:\/\/sucurriculum.com\/noticias\/wp-json\/wp\/v2\/posts\/6491\/revisions\/6493"}],"wp:featuredmedia":[{"embeddable":true,"href":"https:\/\/sucurriculum.com\/noticias\/wp-json\/wp\/v2\/media\/6492"}],"wp:attachment":[{"href":"https:\/\/sucurriculum.com\/noticias\/wp-json\/wp\/v2\/media?parent=6491"}],"wp:term":[{"taxonomy":"category","embeddable":true,"href":"https:\/\/sucurriculum.com\/noticias\/wp-json\/wp\/v2\/categories?post=6491"},{"taxonomy":"post_tag","embeddable":true,"href":"https:\/\/sucurriculum.com\/noticias\/wp-json\/wp\/v2\/tags?post=6491"}],"curies":[{"name":"wp","href":"https:\/\/api.w.org\/{rel}","templated":true}]}}