{"id":6486,"date":"2022-05-18T09:15:53","date_gmt":"2022-05-18T07:15:53","guid":{"rendered":"https:\/\/sucurriculum.com\/noticias\/?p=6486"},"modified":"2022-05-18T11:05:24","modified_gmt":"2022-05-18T09:05:24","slug":"se-buscan-100-personas-para-la-apertura-del-nuevo-almacen-de-bricomart-en-tarragona","status":"publish","type":"post","link":"https:\/\/sucurriculum.com\/noticias\/se-buscan-100-personas-para-la-apertura-del-nuevo-almacen-de-bricomart-en-tarragona\/","title":{"rendered":"Se buscan 100 personas para la apertura del nuevo almac\u00e9n de Bricomart en Tarragona"},"content":{"rendered":"\n<p>Bricomart, el almac\u00e9n de la construcci\u00f3n y la reforma, ha anunciado la pr\u00f3xima apertura de su nuevo almac\u00e9n en la localidad de Tarragona prevista para el \u00faltimo trimestre de 2022. El nuevo almac\u00e9n ser\u00e1 el primero de la provincia de Tarragona y el quinto en Catalu\u00f1a. <\/p>\n\n\n\n<p>La llegada de Bricomart a Tarragona va a contribuir significativamente en el desarrollo econ\u00f3mico y social del tejido empresarial e industrial de la zona. El proceso para cubrir las 100 vacantes estar\u00e1 gestionado por Adecco, l\u00edder mundial en la gesti\u00f3n de recursos humanos, seleccionando a profesionales del sector de la construcci\u00f3n y la reforma que quieran formar parte de un proyecto s\u00f3lido, estable y a largo plazo, en una compa\u00f1\u00eda donde poder crecer y desarrollarse.<\/p>\n\n\n\n<p>Las personas seleccionadas para el equipo de Tarragona ser\u00e1n responsables de generar una excelente experiencia de compra para los clientes asegurando el mejor asesoramiento, as\u00ed como una gesti\u00f3n eficaz del stock, y siempre garantizando un entorno seguro.<\/p>\n\n\n\n<p>La incorporaci\u00f3n de los nuevos colaboradores\/as se iniciar\u00e1 en septiembre. Para acceder a las ofertas, los\/as candidatos\/as deber\u00e1n contar con experiencia en venta y\/o conocimiento de producto en el sector de la reforma y la construcci\u00f3n. Los\/as interesados\/as pueden registrarse en la oferta a trav\u00e9s de <a href=\"https:\/\/www.adecco.es\/ofertas-trabajo?k=bricomart\">este enlace.<\/a><\/p>\n\n\n\n<p>Bricomart es el Almac\u00e9n de la Construcci\u00f3n y la Reforma dirigido a los profesionales del sector. Pertenece al grupo Adeo, l\u00edder en Europa y tercer grupo mundial del sector de venta de bienes de consumo para el acondicionamiento del h\u00e1bitat. La incorporaci\u00f3n de los nuevos colaboradores\/as se iniciar\u00e1 en septiembre.<\/p>\n","protected":false},"excerpt":{"rendered":"<p>Bricomart, ha anunciado la pr\u00f3xima apertura de su nuevo almac\u00e9n en la localidad de Tarragona prevista para el \u00faltimo trimestre de 2022.<\/p>\n","protected":false},"author":2,"featured_media":6487,"comment_status":"open","ping_status":"open","sticky":false,"template":"","format":"standard","meta":{"footnotes":""},"categories":[65],"tags":[130,1436,718,1595,679,264,2402],"class_list":["post-6486","post","type-post","status-publish","format-standard","has-post-thumbnail","hentry","category-ofertas-de-empleo","tag-130","tag-almacen","tag-bricomart","tag-busca","tag-nuevo","tag-personas","tag-tarragona"],"amp_enabled":true,"_links":{"self":[{"href":"https:\/\/sucurriculum.com\/noticias\/wp-json\/wp\/v2\/posts\/6486","targetHints":{"allow":["GET"]}}],"collection":[{"href":"https:\/\/sucurriculum.com\/noticias\/wp-json\/wp\/v2\/posts"}],"about":[{"href":"https:\/\/sucurriculum.com\/noticias\/wp-json\/wp\/v2\/types\/post"}],"author":[{"embeddable":true,"href":"https:\/\/sucurriculum.com\/noticias\/wp-json\/wp\/v2\/users\/2"}],"replies":[{"embeddable":true,"href":"https:\/\/sucurriculum.com\/noticias\/wp-json\/wp\/v2\/comments?post=6486"}],"version-history":[{"count":1,"href":"https:\/\/sucurriculum.com\/noticias\/wp-json\/wp\/v2\/posts\/6486\/revisions"}],"predecessor-version":[{"id":6488,"href":"https:\/\/sucurriculum.com\/noticias\/wp-json\/wp\/v2\/posts\/6486\/revisions\/6488"}],"wp:featuredmedia":[{"embeddable":true,"href":"https:\/\/sucurriculum.com\/noticias\/wp-json\/wp\/v2\/media\/6487"}],"wp:attachment":[{"href":"https:\/\/sucurriculum.com\/noticias\/wp-json\/wp\/v2\/media?parent=6486"}],"wp:term":[{"taxonomy":"category","embeddable":true,"href":"https:\/\/sucurriculum.com\/noticias\/wp-json\/wp\/v2\/categories?post=6486"},{"taxonomy":"post_tag","embeddable":true,"href":"https:\/\/sucurriculum.com\/noticias\/wp-json\/wp\/v2\/tags?post=6486"}],"curies":[{"name":"wp","href":"https:\/\/api.w.org\/{rel}","templated":true}]}}