{"id":6479,"date":"2022-05-17T09:18:57","date_gmt":"2022-05-17T07:18:57","guid":{"rendered":"https:\/\/sucurriculum.com\/noticias\/?p=6479"},"modified":"2022-05-17T11:04:58","modified_gmt":"2022-05-17T09:04:58","slug":"mercadona-llega-hasta-los-660-000-empleos","status":"publish","type":"post","link":"https:\/\/sucurriculum.com\/noticias\/mercadona-llega-hasta-los-660-000-empleos\/","title":{"rendered":"Mercadona llega hasta los 660.000 empleos"},"content":{"rendered":"\n<p>Estas son las grandes cifras de la contribuci\u00f3n de Mercadona y su cadena de montaje, conformada por m\u00e1s de 3.000 proveedores a la econom\u00eda nacional.<\/p>\n\n\n\n<p>Un informe elaborado por el Instituto Valenciano de Investigaciones Econ\u00f3micas (Ivie) ha puesto negro sobre blanco el impacto de la compa\u00f1\u00eda que preside Juan Roig, que en materia laboral se traduce en que la actividad de Mercadona genera el 3,7 por ciento del empleo en Espa\u00f1a. La cadena de supermercados genera tantos empleos como habitantes tiene la ciudad de Sevilla.<\/p>\n\n\n\n<p>Mientras, la empresa valenciana y sus proveedores aportan m\u00e1s del dos por ciento del PIB. Al respecto, de acuerdo con el citado informe, durante el pasado ejercicio Mercadona apuesta por la producci\u00f3n nacional y realiz\u00f3 compras en Espa\u00f1a a sus diferentes proveedores por un importe de 21.000 millones de euros.<\/p>\n\n\n\n<h6 class=\"wp-block-heading\">Impuestos y cotizaciones a la Seguridad Social<\/h6>\n\n\n\n<p>Adem\u00e1s, fruto de su actividad y de la generada de forma indirecta e inducida, se ha alcanzado una aportaci\u00f3n fiscal de 9.007 millones de euros, lo que supone el dos por ciento de la recaudaci\u00f3n total estimada de las Administraciones P\u00fablicas espa\u00f1olas. Este dato incluye las cotizaciones a la Seguridad Social.<\/p>\n\n\n\n<p>Asimismo, la contribuci\u00f3n tributaria soportada y recaudada por Mercadona a las Administraciones P\u00fablicas asciende a 1.955 millones de euros, de los cuales 931 corresponden a pagos a la Seguridad Social, 197 al impuesto de sociedades, 685 a la recaudaci\u00f3n del IVA y del IRPF, y 142 al pago de diversos impuestos y tasas. Mientras que la contribuci\u00f3n generada como consecuencia del impacto indirecto e inducido se cuantifica en 5.353 y 1.699 millones de euros respectivamente.<\/p>\n\n\n\n<p>Puedes enviar tu curriculum de manera muy sencilla a trav\u00e9s de la web oficial pulsando <a href=\"https:\/\/info.mercadona.es\/es\/conocenos\/empleo\">aqu\u00ed<\/a>. \u00a1No dej\u00e9is de intentarlo!<\/p>\n","protected":false},"excerpt":{"rendered":"<p>M\u00e1s de 660.000 empleos directos, indirectos e inducidos y una aportaci\u00f3n superior a los 25.000 millones de euros al Producto Interior Bruto (PIB) espa\u00f1ol. <\/p>\n","protected":false},"author":2,"featured_media":6480,"comment_status":"open","ping_status":"open","sticky":false,"template":"","format":"standard","meta":{"footnotes":""},"categories":[65],"tags":[3739,137,21,209,329,93],"class_list":["post-6479","post","type-post","status-publish","format-standard","has-post-thumbnail","hentry","category-ofertas-de-empleo","tag-3739","tag-empleo","tag-espana","tag-mercadona","tag-pib","tag-vacantes"],"amp_enabled":true,"_links":{"self":[{"href":"https:\/\/sucurriculum.com\/noticias\/wp-json\/wp\/v2\/posts\/6479","targetHints":{"allow":["GET"]}}],"collection":[{"href":"https:\/\/sucurriculum.com\/noticias\/wp-json\/wp\/v2\/posts"}],"about":[{"href":"https:\/\/sucurriculum.com\/noticias\/wp-json\/wp\/v2\/types\/post"}],"author":[{"embeddable":true,"href":"https:\/\/sucurriculum.com\/noticias\/wp-json\/wp\/v2\/users\/2"}],"replies":[{"embeddable":true,"href":"https:\/\/sucurriculum.com\/noticias\/wp-json\/wp\/v2\/comments?post=6479"}],"version-history":[{"count":1,"href":"https:\/\/sucurriculum.com\/noticias\/wp-json\/wp\/v2\/posts\/6479\/revisions"}],"predecessor-version":[{"id":6481,"href":"https:\/\/sucurriculum.com\/noticias\/wp-json\/wp\/v2\/posts\/6479\/revisions\/6481"}],"wp:featuredmedia":[{"embeddable":true,"href":"https:\/\/sucurriculum.com\/noticias\/wp-json\/wp\/v2\/media\/6480"}],"wp:attachment":[{"href":"https:\/\/sucurriculum.com\/noticias\/wp-json\/wp\/v2\/media?parent=6479"}],"wp:term":[{"taxonomy":"category","embeddable":true,"href":"https:\/\/sucurriculum.com\/noticias\/wp-json\/wp\/v2\/categories?post=6479"},{"taxonomy":"post_tag","embeddable":true,"href":"https:\/\/sucurriculum.com\/noticias\/wp-json\/wp\/v2\/tags?post=6479"}],"curies":[{"name":"wp","href":"https:\/\/api.w.org\/{rel}","templated":true}]}}