{"id":6476,"date":"2022-05-17T09:03:29","date_gmt":"2022-05-17T07:03:29","guid":{"rendered":"https:\/\/sucurriculum.com\/noticias\/?p=6476"},"modified":"2022-05-17T09:03:29","modified_gmt":"2022-05-17T07:03:29","slug":"magna-automotive-invertira-15-millones-en-su-planta-de-pedrola","status":"publish","type":"post","link":"https:\/\/sucurriculum.com\/noticias\/magna-automotive-invertira-15-millones-en-su-planta-de-pedrola\/","title":{"rendered":"Magna Automotive invertir\u00e1 15 millones en su planta de Pedrola"},"content":{"rendered":"\n<p>Magna Automotive invertir\u00e1 en su planta de Pedrola 15 millones de euros durante los pr\u00f3ximos dos a\u00f1os, que destinar\u00e1 principalmente a nuevas l\u00edneas de producci\u00f3n de componentes para veh\u00edculos el\u00e9ctricos y a la mejora de los procesos actuales, apoyado por las ayudas a la I+D en movilidad sostenible del departamento de Econom\u00eda, Planificaci\u00f3n y Empleo. Con estos proyectos en desarrollo y otros productos en fase de lanzamiento, la compa\u00f1\u00eda espera generar 50 nuevos puestos de trabajo.<\/p>\n\n\n\n<p>As\u00ed se lo han trasladado los responsables de la empresa este jueves a la consejera Marta Gast\u00f3n, que ha anunciado el lanzamiento de una nueva convocatoria de estas subvenciones este mismo a\u00f1o. Gast\u00f3n ha conocido in situ los planes de futuro y el funcionamiento de esta planta, centrada en la fabricaci\u00f3n de componentes para carrocer\u00eda de veh\u00edculos con un alto nivel de automatizaci\u00f3n, en una visita en la que tambi\u00e9n ha participado el gerente del Cl\u00faster de Automoci\u00f3n de Arag\u00f3n (CAAR).<\/p>\n\n\n\n<p>Magna Automotive ha recibido en total cerca de 1,2 millones de euros a trav\u00e9s de las dos convocatorias de subvenciones a la I+D dirigidas al sector de la automoci\u00f3n lanzadas hasta el momento por el departamento que dirige Gast\u00f3n. La \u00faltima de ellas, publicada el pasado a\u00f1o, ha permitido respaldar uno de los proyectos de desarrollo experimental de Magna y otras diez propuestas empresariales vinculadas a la movilidad sostenible, adem\u00e1s de cuatro iniciativas empresariales del sector farmac\u00e9utico y 13 de econom\u00eda circular.<\/p>\n\n\n\n<p>Esos 28 proyectos de I+D empresarial subvencionados en 2021 han permitido promover en Arag\u00f3n una inversi\u00f3n de 60 millones de euros. En 2019, el Departamento de Econom\u00eda hab\u00eda convocado por primera vez este tipo de ayudas a la I+D dirigidas exclusivamente al desarrollo del veh\u00edculo el\u00e9ctrico, subvencionando otros nueve proyectos diferentes que han generado una inversi\u00f3n de 53,9 millones de euros en la Comunidad Aut\u00f3noma. En esa primera convocatoria, Magna recibi\u00f3 una ayuda para crear una bandeja de bater\u00edas por estampaci\u00f3n en caliente para veh\u00edculos el\u00e9ctricos.<\/p>\n\n\n\n<p>La compa\u00f1\u00eda ha agradecido el espaldarazo del Gobierno de Arag\u00f3n a las actividades que est\u00e1 desplegando y que refuerzan la apuesta por el territorio, las personas y la industria como motor econ\u00f3mico de desarrollo.<\/p>\n\n\n\n<h6 class=\"wp-block-heading\">Desde 2016 en Pedrola<\/h6>\n\n\n\n<p>Tras gestar su implantaci\u00f3n en la Comunidad Aut\u00f3noma de la mano de la empresa p\u00fablica Arag\u00f3n Exterior, esta divisi\u00f3n de Magna opera en Pedrola desde el a\u00f1o 2016. En estos momentos, cuenta con una plantilla de m\u00e1s de 250 personas. La empresa espera alcanzar este a\u00f1o una cifra de facturaci\u00f3n cercana a los 75 millones de euros en esta planta especializada en procesos de estampaci\u00f3n en caliente, corte l\u00e1ser y ensamblaje de piezas a trav\u00e9s de soldadura por resistencia y MIG\/MAG. Unos componentes que se sirven a los principales fabricantes de autom\u00f3viles, no solo en Espa\u00f1a sino de varios pa\u00edses europeos.<\/p>\n\n\n\n<p>De forma complementaria a su labor productiva y para dar un mayor impulso a sus actividades de innovaci\u00f3n y desarrollo, la empresa trabaja desde hace varios a\u00f1os con la Universidad de Zaragoza y cuenta con su propia C\u00e1tedra de colaboraci\u00f3n. La apuesta por el talento local y el desarrollo interno ha permitido a la compa\u00f1\u00eda consolidar un equipo productivo y t\u00e9cnico de alto nivel a trav\u00e9s de programas de cualificaci\u00f3n espec\u00edficos.<\/p>\n\n\n\n<h6 class=\"wp-block-heading\">Grupo Magna<\/h6>\n\n\n\n<p>El grupo Magna es uno de los principales proveedores en el sector del autom\u00f3vil, siendo una empresa puntera en el uso de tecnolog\u00eda y ofreciendo soluciones avanzadas para facilitar la movilidad de las personas.A nivel global, la compa\u00f1\u00eda cuenta con m\u00e1s de 161 000 empleados y una estructura organizativa dise\u00f1ada para innovar y adaptarse con agilidad.<\/p>\n\n\n\n<p>Acumula m\u00e1s de 60 a\u00f1os de experiencia y un enfoque de sistemas para el dise\u00f1o, la ingenier\u00eda y la fabricaci\u00f3n que engloba la mayor parte de los componentes del veh\u00edculo, por ello se encuentra posicionada de forma preferente para apoyar el avance de la movilidad en una industria en transformaci\u00f3n. La red global de Magna incluye 340 operaciones de fabricaci\u00f3n y 89 centros de ventas, ingenier\u00eda y desarrollo de productos en 28 pa\u00edses. La empresa apuesta por un modelo de negocio basado en la sostenibilidad a largo plazo e integra en sus procesos pol\u00edticas de Responsabilidad Social Corporativa.<\/p>\n\n\n\n<p>Aqu\u00ed os dejamos un <a href=\"https:\/\/www.magna.com\/es\/empresa\/oportunidades-de-trabajo\">enlace a la web de empleo de la compa\u00f1\u00eda<\/a>. \u00a1Animo Amig@s!<\/p>\n","protected":false},"excerpt":{"rendered":"<p>Magna Automotive invertir\u00e1 en su planta de Pedrola 15 millones durante los pr\u00f3ximos 2 a\u00f1os, que destinar\u00e1 principalmente a nuevas l\u00edneas de producci\u00f3n.<\/p>\n","protected":false},"author":2,"featured_media":6477,"comment_status":"open","ping_status":"open","sticky":false,"template":"","format":"standard","meta":{"footnotes":""},"categories":[65],"tags":[39,3737,1324,3736,40,3738,785],"class_list":["post-6476","post","type-post","status-publish","format-standard","has-post-thumbnail","hentry","category-ofertas-de-empleo","tag-39","tag-automotiv","tag-invertira","tag-magna","tag-millones","tag-pedrola","tag-planta"],"amp_enabled":true,"_links":{"self":[{"href":"https:\/\/sucurriculum.com\/noticias\/wp-json\/wp\/v2\/posts\/6476","targetHints":{"allow":["GET"]}}],"collection":[{"href":"https:\/\/sucurriculum.com\/noticias\/wp-json\/wp\/v2\/posts"}],"about":[{"href":"https:\/\/sucurriculum.com\/noticias\/wp-json\/wp\/v2\/types\/post"}],"author":[{"embeddable":true,"href":"https:\/\/sucurriculum.com\/noticias\/wp-json\/wp\/v2\/users\/2"}],"replies":[{"embeddable":true,"href":"https:\/\/sucurriculum.com\/noticias\/wp-json\/wp\/v2\/comments?post=6476"}],"version-history":[{"count":1,"href":"https:\/\/sucurriculum.com\/noticias\/wp-json\/wp\/v2\/posts\/6476\/revisions"}],"predecessor-version":[{"id":6478,"href":"https:\/\/sucurriculum.com\/noticias\/wp-json\/wp\/v2\/posts\/6476\/revisions\/6478"}],"wp:featuredmedia":[{"embeddable":true,"href":"https:\/\/sucurriculum.com\/noticias\/wp-json\/wp\/v2\/media\/6477"}],"wp:attachment":[{"href":"https:\/\/sucurriculum.com\/noticias\/wp-json\/wp\/v2\/media?parent=6476"}],"wp:term":[{"taxonomy":"category","embeddable":true,"href":"https:\/\/sucurriculum.com\/noticias\/wp-json\/wp\/v2\/categories?post=6476"},{"taxonomy":"post_tag","embeddable":true,"href":"https:\/\/sucurriculum.com\/noticias\/wp-json\/wp\/v2\/tags?post=6476"}],"curies":[{"name":"wp","href":"https:\/\/api.w.org\/{rel}","templated":true}]}}