{"id":6471,"date":"2022-05-16T11:32:07","date_gmt":"2022-05-16T09:32:07","guid":{"rendered":"https:\/\/sucurriculum.com\/noticias\/?p=6471"},"modified":"2022-05-17T11:13:47","modified_gmt":"2022-05-17T09:13:47","slug":"carrefour-contratara-a-mas-de-1-500-personas-en-cataluna-para-este-verano","status":"publish","type":"post","link":"https:\/\/sucurriculum.com\/noticias\/carrefour-contratara-a-mas-de-1-500-personas-en-cataluna-para-este-verano\/","title":{"rendered":"Carrefour contratar\u00e1 a m\u00e1s de 1.500 personas en Catalu\u00f1a para este verano"},"content":{"rendered":"\n<p>Carrefour celebra estos d\u00edas su primer foro de empleo en Catalunya con el objetivo de seleccionar y captar talento para cubrir m\u00e1s de 1.500 puestos en la campa\u00f1a de verano. La compa\u00f1\u00eda realiza as\u00ed la mayor contrataci\u00f3n del sector en esta comunidad. Carrefour quiere adem\u00e1s que la organizaci\u00f3n de esta feria de empleo sirva como v\u00eda de comunicaci\u00f3n con los ayuntamientos, el servicio p\u00fablico de empleo de Catalunya (SOC), as\u00ed como fundaciones y asociaciones relacionadas con la integraci\u00f3n laboral.<\/p>\n\n\n\n<p><strong>Los perfiles que reclama la empresa de distribuci\u00f3n para sus hipermercados y supermercados catalanes est\u00e1n relacionados con la atenci\u00f3n directa al cliente como l\u00ednea de cajas, mostradores y puntos de venta de productos frescos, reposici\u00f3n, tecnolog\u00eda o electrodom\u00e9sticos, a los que se suman adem\u00e1s otros puestos como gerentes de tienda, responsables comerciales o profesionales de productos frescos, entre otros.<\/strong><\/p>\n\n\n\n<p>La compa\u00f1\u00eda, que recibe al a\u00f1o un mill\u00f3n de curr\u00edculos, recoger\u00e1 durante estas jornadas las solicitudes de empleo de todos los interesados en su oferta laboral y realizar\u00e1 durante el foro entrevistas con los candidatos para acelerar el proceso de contrataci\u00f3n.<\/p>\n\n\n\n<p>El foro se ha dise\u00f1ado para que recorra la geograf\u00eda catalana durante el presente mes de mayo, visitando, adem\u00e1s de la ciudad de Barcelona, otras comarcas como las del Maresme, Baix Llobregat, Vall\u00e9s, o ciudades como Girona o Tarragona. La pol\u00edtica de contrataci\u00f3n de Carrefour tiene como objetivo atender de manera eficaz al cliente, por lo que la escucha de sus necesidades y la respuesta a sus demandas son los ejes sobre los que sustenta su estrategia.<\/p>\n\n\n\n<p>El punto de partida de este encuentro de Carrefour con el empleo se ha desarrollado ya en Barcelona, en el edificio Mediatic de Barcelona Activa. Durante dos jornadas, la cadena ha contado con la colaboraci\u00f3n del Ayuntamiento de Barcelona tanto en la organizaci\u00f3n del evento, como en la difusi\u00f3n de las ofertas, selecci\u00f3n de perfiles y la cesi\u00f3n de espacio para realizar la jornada.<\/p>\n\n\n\n<h6 class=\"wp-block-heading\">Pr\u00f3ximas fechas del foro de empleo de Carrefour<\/h6>\n\n\n\n<p>La lista y fechas de lugares de los pr\u00f3ximos foros de empleo son:<\/p>\n\n\n\n<ul class=\"wp-block-list\"><li> Tarragona:16 y 17 de mayo, en el Palau de Fires i Congressos.<\/li><li>Girona: 18 de mayo, ubicaci\u00f3n por confirmar.<\/li><li>El Prat del Llobregat: 19 y 20 de Mayo, en la sala del Centro Ocupaci\u00f3n Promoci\u00f3n Econ\u00f3mico El Prat.<\/li><li>Badalona: 23 y 24 de mayo, lugar por confirmar.<\/li><li>Terrassa: 26 y 27 de mayo, ubicaci\u00f3n por concretar.<br><\/li><\/ul>\n\n\n\n<p>Carrefour, que inaugur\u00f3 su presencia en el pa\u00eds con la apertura del hipermercado del Prat en 1973, cuenta en la actualidad con 7.100 colaboradores en Catalunya. A nivel nacional cuenta con una plantilla que supera los 58.500 colaboradores bajo ense\u00f1a y se confirma, a\u00f1o tras a\u00f1o, como uno de los principales empleadores del pa\u00eds.<\/p>\n\n\n\n<p>Aqu\u00ed os dejamos un <a href=\"https:\/\/www.carrefour.es\/trabaja-en-carrefour\/envia-tu-curriculum\/mas-info\/\">enlace a la web de empleo de la compa\u00f1\u00eda<\/a>. <\/p>\n","protected":false},"excerpt":{"rendered":"<p>Carrefour realiza un &#8216;foro de empleo&#8217; para contratar a m\u00e1s de 1.500 personas en Catalu\u00f1a para este verano.<\/p>\n","protected":false},"author":2,"featured_media":6472,"comment_status":"open","ping_status":"open","sticky":false,"template":"","format":"standard","meta":{"footnotes":""},"categories":[65],"tags":[1267,158,131,1653,264,211],"class_list":["post-6471","post","type-post","status-publish","format-standard","has-post-thumbnail","hentry","category-ofertas-de-empleo","tag-1267","tag-carrefour","tag-cataluna","tag-contratara-2","tag-personas","tag-verano"],"amp_enabled":true,"_links":{"self":[{"href":"https:\/\/sucurriculum.com\/noticias\/wp-json\/wp\/v2\/posts\/6471","targetHints":{"allow":["GET"]}}],"collection":[{"href":"https:\/\/sucurriculum.com\/noticias\/wp-json\/wp\/v2\/posts"}],"about":[{"href":"https:\/\/sucurriculum.com\/noticias\/wp-json\/wp\/v2\/types\/post"}],"author":[{"embeddable":true,"href":"https:\/\/sucurriculum.com\/noticias\/wp-json\/wp\/v2\/users\/2"}],"replies":[{"embeddable":true,"href":"https:\/\/sucurriculum.com\/noticias\/wp-json\/wp\/v2\/comments?post=6471"}],"version-history":[{"count":2,"href":"https:\/\/sucurriculum.com\/noticias\/wp-json\/wp\/v2\/posts\/6471\/revisions"}],"predecessor-version":[{"id":6475,"href":"https:\/\/sucurriculum.com\/noticias\/wp-json\/wp\/v2\/posts\/6471\/revisions\/6475"}],"wp:featuredmedia":[{"embeddable":true,"href":"https:\/\/sucurriculum.com\/noticias\/wp-json\/wp\/v2\/media\/6472"}],"wp:attachment":[{"href":"https:\/\/sucurriculum.com\/noticias\/wp-json\/wp\/v2\/media?parent=6471"}],"wp:term":[{"taxonomy":"category","embeddable":true,"href":"https:\/\/sucurriculum.com\/noticias\/wp-json\/wp\/v2\/categories?post=6471"},{"taxonomy":"post_tag","embeddable":true,"href":"https:\/\/sucurriculum.com\/noticias\/wp-json\/wp\/v2\/tags?post=6471"}],"curies":[{"name":"wp","href":"https:\/\/api.w.org\/{rel}","templated":true}]}}