{"id":6459,"date":"2022-05-13T12:19:19","date_gmt":"2022-05-13T10:19:19","guid":{"rendered":"https:\/\/sucurriculum.com\/noticias\/?p=6459"},"modified":"2022-05-13T12:19:19","modified_gmt":"2022-05-13T10:19:19","slug":"peniscola-buscan-500-trabajadores-para-empleos-turisticos-de-verano","status":"publish","type":"post","link":"https:\/\/sucurriculum.com\/noticias\/peniscola-buscan-500-trabajadores-para-empleos-turisticos-de-verano\/","title":{"rendered":"Pe\u00f1\u00edscola buscan 500 trabajadores para empleos tur\u00edsticos de verano"},"content":{"rendered":"\n<p>Los empresarios tur\u00edsticos de Pe\u00f1\u00edscola (Castell\u00f3n) est\u00e1n buscando cubrir unos 500 empleos en el sector de la hosteler\u00eda para reforzar la pr\u00f3xima temporada estival en sus establecimientos.<\/p>\n\n\n\n<p>Seg\u00fan ha explicado el presidente de la Asociaci\u00f3n de Empresarios Tur\u00edsticos de Pe\u00f1\u00edscola y director del Gran Hotel del municipio, Francisco Ribera, se busca cubrir puestos como ayudante de cocina, ayudantes de sala, camareros, limpiadores y tambi\u00e9n personal propio del verano como socorristas o animadores.<\/p>\n\n\n\n<p>Ribera ha comentado que la contrataci\u00f3n de personal no est\u00e1 resultando todo lo f\u00e1cil que les gustar\u00eda sobre todo porque hay un volumen importante de parados inscritos en las listas del paro que no quieren este tipo de trabajos, pero tambi\u00e9n hay otras estrategias que han comenzado este a\u00f1o para poder captar la mano de obra necesaria para el sector.<\/p>\n\n\n\n<p>Entre estas estrategias, seg\u00fan ha explicado Ribera, se encuentran los convenios con centros de formaci\u00f3n para poder dar empleo a personas de pr\u00e1ctica durante estos meses de primavera y preparatorios para la parte m\u00e1s concurrida de los meses de verano.<\/p>\n\n\n\n<p>Esas mismas personas, ha indicado el representante del sector, se podr\u00edan despu\u00e9s incorporar a las plantillas durante el verano.<\/p>\n\n\n\n<p>Tambi\u00e9n hay una serie de condicionantes socioecon\u00f3micos como la reforma laboral que podr\u00edan hacer que esos contratos temporales se transformen en fijos discontinuos as\u00ed como el hecho de que en la provincia de Castell\u00f3n se cuenta con un convenio nuevo vigente este a\u00f1o, lo que \u00abdeber\u00eda dar seguridad jur\u00eddica a aquellas personas que quieran trabajar en la hosteler\u00eda\u00bb.<\/p>\n\n\n\n<p>Este convenio propiciar\u00e1 adem\u00e1s que \u00absea un poco m\u00e1s f\u00e1cil el acceder a este tipo de mano de obra para el verano\u00bb.<\/p>\n","protected":false},"excerpt":{"rendered":"<p>Los empresarios tur\u00edsticos de Pe\u00f1\u00edscola (Castell\u00f3n) est\u00e1n buscando cubrir unos 500 empleos en el sector de la hosteler\u00eda para reforzar.<\/p>\n","protected":false},"author":2,"featured_media":6460,"comment_status":"open","ping_status":"open","sticky":false,"template":"","format":"standard","meta":{"footnotes":""},"categories":[2],"tags":[207,1595,95,3719,18,2752,211],"class_list":["post-6459","post","type-post","status-publish","format-standard","has-post-thumbnail","hentry","category-noticias","tag-207","tag-busca","tag-empleos","tag-peniscola","tag-trabajadores","tag-turisticos","tag-verano"],"amp_enabled":true,"_links":{"self":[{"href":"https:\/\/sucurriculum.com\/noticias\/wp-json\/wp\/v2\/posts\/6459","targetHints":{"allow":["GET"]}}],"collection":[{"href":"https:\/\/sucurriculum.com\/noticias\/wp-json\/wp\/v2\/posts"}],"about":[{"href":"https:\/\/sucurriculum.com\/noticias\/wp-json\/wp\/v2\/types\/post"}],"author":[{"embeddable":true,"href":"https:\/\/sucurriculum.com\/noticias\/wp-json\/wp\/v2\/users\/2"}],"replies":[{"embeddable":true,"href":"https:\/\/sucurriculum.com\/noticias\/wp-json\/wp\/v2\/comments?post=6459"}],"version-history":[{"count":1,"href":"https:\/\/sucurriculum.com\/noticias\/wp-json\/wp\/v2\/posts\/6459\/revisions"}],"predecessor-version":[{"id":6461,"href":"https:\/\/sucurriculum.com\/noticias\/wp-json\/wp\/v2\/posts\/6459\/revisions\/6461"}],"wp:featuredmedia":[{"embeddable":true,"href":"https:\/\/sucurriculum.com\/noticias\/wp-json\/wp\/v2\/media\/6460"}],"wp:attachment":[{"href":"https:\/\/sucurriculum.com\/noticias\/wp-json\/wp\/v2\/media?parent=6459"}],"wp:term":[{"taxonomy":"category","embeddable":true,"href":"https:\/\/sucurriculum.com\/noticias\/wp-json\/wp\/v2\/categories?post=6459"},{"taxonomy":"post_tag","embeddable":true,"href":"https:\/\/sucurriculum.com\/noticias\/wp-json\/wp\/v2\/tags?post=6459"}],"curies":[{"name":"wp","href":"https:\/\/api.w.org\/{rel}","templated":true}]}}