{"id":6444,"date":"2022-05-11T11:03:20","date_gmt":"2022-05-11T09:03:20","guid":{"rendered":"https:\/\/sucurriculum.com\/noticias\/?p=6444"},"modified":"2022-05-19T11:54:04","modified_gmt":"2022-05-19T09:54:04","slug":"se-necesitan-200-trabajadores-para-la-campana-de-frutos-rojos-en-almonte-huelva","status":"publish","type":"post","link":"https:\/\/sucurriculum.com\/noticias\/se-necesitan-200-trabajadores-para-la-campana-de-frutos-rojos-en-almonte-huelva\/","title":{"rendered":"Se necesitan 200 trabajadores para la campa\u00f1a de frutos rojos en Almonte"},"content":{"rendered":"\n<p>La recogida de la fresa y otros frutos rojos ya ha comenzado en la provincia de Huelva pero las empresas tienen problemas para encontrar personal para la campa\u00f1a de este 2022. Euroempleo Temporal anuncia en infojobs que \u00abnecesita 200 personas urgentemente para trabajar en la zona de Almonte, El Roc\u00edo y Palos de la Frontera\u00bb.<\/p>\n\n\n\n<p>La campana comenz\u00f3 el 1 de abril y finalizar\u00e1 el mes de junio, aunque seg\u00fan indican \u00abexiste la posibilidad de continuar con otros trabajos\u00bb. La empresa ofrece: \u00abIncorporaci\u00f3n inmediata a jornada completa, alta en la seguridad social, contrato de trabajo\u00bb y un salario con una horquilla que va de 900 a 1500 euros brutos al mes, seg\u00fan indican en la oferta.<\/p>\n\n\n\n<p><strong>Los requisitos que piden para poder acceder al puesto son disponibilidad horaria y poder desplazarse al lugar de trabajo por sus propios medios.<\/strong> <strong>No es necesaria demostrar experiencia previa y solicitan estudios de ESO y nivel b\u00e1sico de espa\u00f1ol.<\/strong><\/p>\n\n\n\n<p>Pod\u00e9is inscribiros a trav\u00e9s de <a href=\"https:\/\/www.infojobs.net\/almonte\/se-necesita-personal-para-campana-frutos-rojos-fresa-arandano-almonte-huelva-alrededores\/of-ib1ed452d344736a50a976157e69546?applicationOrigin=search-new&amp;page=1&amp;sortBy=PUBLICATION_DATE\">este enlace<\/a>. \u00a1Mucha Suerte amig@s!.<\/p>\n","protected":false},"excerpt":{"rendered":"<p>Euroempleo Temporal anuncia en infojobs que necesita 200 personas urgentemente para trabajar en la zona de Almonte, El Roc\u00edo y Palos de la Frontera.<\/p>\n","protected":false},"author":2,"featured_media":6445,"comment_status":"open","ping_status":"open","sticky":false,"template":"","format":"standard","meta":{"footnotes":""},"categories":[65],"tags":[161,3694,961,481,482,18],"class_list":["post-6444","post","type-post","status-publish","format-standard","has-post-thumbnail","hentry","category-ofertas-de-empleo","tag-161","tag-almonte","tag-campana","tag-frutos","tag-secos","tag-trabajadores"],"amp_enabled":true,"_links":{"self":[{"href":"https:\/\/sucurriculum.com\/noticias\/wp-json\/wp\/v2\/posts\/6444","targetHints":{"allow":["GET"]}}],"collection":[{"href":"https:\/\/sucurriculum.com\/noticias\/wp-json\/wp\/v2\/posts"}],"about":[{"href":"https:\/\/sucurriculum.com\/noticias\/wp-json\/wp\/v2\/types\/post"}],"author":[{"embeddable":true,"href":"https:\/\/sucurriculum.com\/noticias\/wp-json\/wp\/v2\/users\/2"}],"replies":[{"embeddable":true,"href":"https:\/\/sucurriculum.com\/noticias\/wp-json\/wp\/v2\/comments?post=6444"}],"version-history":[{"count":2,"href":"https:\/\/sucurriculum.com\/noticias\/wp-json\/wp\/v2\/posts\/6444\/revisions"}],"predecessor-version":[{"id":6447,"href":"https:\/\/sucurriculum.com\/noticias\/wp-json\/wp\/v2\/posts\/6444\/revisions\/6447"}],"wp:featuredmedia":[{"embeddable":true,"href":"https:\/\/sucurriculum.com\/noticias\/wp-json\/wp\/v2\/media\/6445"}],"wp:attachment":[{"href":"https:\/\/sucurriculum.com\/noticias\/wp-json\/wp\/v2\/media?parent=6444"}],"wp:term":[{"taxonomy":"category","embeddable":true,"href":"https:\/\/sucurriculum.com\/noticias\/wp-json\/wp\/v2\/categories?post=6444"},{"taxonomy":"post_tag","embeddable":true,"href":"https:\/\/sucurriculum.com\/noticias\/wp-json\/wp\/v2\/tags?post=6444"}],"curies":[{"name":"wp","href":"https:\/\/api.w.org\/{rel}","templated":true}]}}