{"id":6438,"date":"2022-05-10T09:56:23","date_gmt":"2022-05-10T07:56:23","guid":{"rendered":"https:\/\/sucurriculum.com\/noticias\/?p=6438"},"modified":"2022-05-10T09:56:24","modified_gmt":"2022-05-10T07:56:24","slug":"ikea-aldi-y-bricomart-buscan-cientos-de-candidatos-para-este-verano","status":"publish","type":"post","link":"https:\/\/sucurriculum.com\/noticias\/ikea-aldi-y-bricomart-buscan-cientos-de-candidatos-para-este-verano\/","title":{"rendered":"Ikea, Aldi y Bricomart buscan cientos de candidatos para este verano"},"content":{"rendered":"\n<p>La campa\u00f1a de verano est\u00e1 ya a la vuelta de la esquina quedando apenas unas escasas semanas para su comienzo. De cara a afrontar esta situaci\u00f3n del aumento de la demanda durante este periodo, no es de extra\u00f1ar que las empresas lancen nuevas ofertas de trabajo en sus tiendas para reforzar su plantilla. En este sentido, es muy probable que la cantidad de empleos que se generar\u00e1n este verano sea superior a la del 2021, pese a que a\u00fan se desconocen estimaciones oficiales; cuando la econom\u00eda espa\u00f1ola cre\u00f3 359.000 empleos, seg\u00fan la Encuesta de Poblaci\u00f3n Activa (EPA) del tercer trimestre.<\/p>\n\n\n\n<h6 class=\"wp-block-heading\">Ikea<\/h6>\n\n\n\n<p>La multinacional sueca busca contratar a todo tipo de trabajadores este verano e integrarlos en su \u201cs\u00f3lido y consolidado\u201d equipo de profesionales en Espa\u00f1a, ofertando empleos con sueldos a partir de los 1.200 euros mensuales adem\u00e1s de dos pagas extras en los meses de julio y diciembre.<\/p>\n\n\n\n<p>La cadena de muebles y decoraci\u00f3n cuenta con unos puestos vacantes como cajeros, reponedores, vendedores y dependientes, a los que las personas interesadas podr\u00e1n mandar su curriculum.<\/p>\n\n\n\n<p>Pese a que el \u00fanico requisito para trabajar en esta empresa ser\u00e1 el presentar el t\u00edtulo de la ESO, desde Recursos Humanos valorar\u00e1n positivamente una previa experiencia en atenci\u00f3n al cliente, un buen manejo de las herramientas de Microsoft Office y sobre todo tener un alto inter\u00e9s por la decoraci\u00f3n del hogar y dise\u00f1o de interiores, as\u00ed como otras habilidades comerciales y de negociaci\u00f3n.<\/p>\n\n\n\n<p>Con el objetivo de superar los procesos de selecci\u00f3n de la empresa, Ikea busca candidatos que sientan una aut\u00e9ntica vocaci\u00f3n de servicio al cliente, por lo que ser\u00e1 necesario que empaticen con ellos, compartan sus valores y puedan aportar un valor a\u00f1adido en la atenci\u00f3n al cliente.<\/p>\n\n\n\n<p>Aqu\u00ed os dejamos el <a href=\"https:\/\/www.ikea.com\/es\/es\/this-is-ikea\/work-with-us\/\">enlace a su web de empleo<\/a>.<\/p>\n\n\n\n<h6 class=\"wp-block-heading\">Aldi<\/h6>\n\n\n\n<p>Esta multinacional alemana se suma a la larga lista de cadenas de supermercados que buscan personal para esta nueva campa\u00f1a de verano como puede ser Mercadona o Carrefour, sumando casi cien puestos vacantes.<\/p>\n\n\n\n<p>Pese a que esta compa\u00f1\u00eda busca contratar a todo tipo de trabajador, el puesto m\u00e1s demandado es el de \u2018Colaborador\/a\u2019, que se encarga de realizar funciones del d\u00eda a d\u00eda como el cobro de caja, reposici\u00f3n o recepci\u00f3n de mercanc\u00edas, entre otros.<\/p>\n\n\n\n<p>Los contratos suelen ser indefinidos para la mayor parte de sus plazas y para el acceso a estas nuevas oportunidades laborales, el requisito general es que se hayan finalizado los estudios de la ESO. Pese a que no es necesario ninguna condici\u00f3n adicional, los aspirantes deber\u00e1n tener disponibilidad horaria para turnos rotativos en horario de ma\u00f1ana o tarde; y adem\u00e1s el equipo de Recursos Humanos valorar\u00e1 positivamente contar con experiencia previa en el sector de la distribuci\u00f3n alimentaria o atenci\u00f3n al cliente.<\/p>\n\n\n\n<p>Pod\u00e9is acceder a su web y enviar vuestro CV a trav\u00e9s de <a href=\"https:\/\/www.aldi.es\/carrera\/tu-carrera-en-aldi.html\">este enlace<\/a>.<\/p>\n\n\n\n<h6 class=\"wp-block-heading\">Bricomart<\/h6>\n\n\n\n<p>La multinacional francesa ha lanzado 164 ofertas de empleo con sueldos a partir de los 1.200 euros mensuales y aquellos vendedores que entren a formar parte de su plantilla por primera vez, recibir\u00e1n una formaci\u00f3n especializada para que puedan adaptarse a las diferentes funciones.<\/p>\n\n\n\n<p>Los perfiles m\u00e1s demandados ser\u00e1n el de \u2018Vendedores\/as\u2019 en todos sus sectores como ferreter\u00eda, climatizaci\u00f3n o jardiner\u00eda; y el de \u2018Cajero\/as\u2019, en el que ser\u00e1 valorable tener rapidez a la hora de cobrar y una buena atenci\u00f3n al cliente.<\/p>\n\n\n\n<p>En cuanto a estos nuevos empleos, en estos se ofrece la incorporaci\u00f3n inmediata y contrato fijo discontinuo (ya sea a jornada completa o parcial), aunque habr\u00e1 que cumplir una serie de requisitos:<\/p>\n\n\n\n<ul class=\"wp-block-list\"><li>Tener el t\u00edtulo de Educaci\u00f3n Secundaria Obligatoria (ESO).<\/li><li>Ser mayor de edad y no haber excedido la edad de jubilaci\u00f3n obligatoria.<\/li><li>Residir en la misma localidad a la oferta de trabajo que se opte.<\/li><li>Disponibilidad horaria para trabajar de lunes a s\u00e1bado en horarios rotativos de ma\u00f1ana o tarde.<\/li><li>Capacidad de trabajar en equipo.<br><\/li><\/ul>\n\n\n\n<p>Pese a estos requerimientos generales, en el caso de los puestos m\u00e1s especializados ser\u00e1 necesario haber desarrollado funciones y tareas relacionadas con los productos ofrecidos, y adem\u00e1s contar con experiencia previa en ese \u00e1rea de al menos un a\u00f1o, para aportar un servicio de calidad al cliente.<\/p>\n\n\n\n<p>Aqu\u00ed ten\u00e9is su <a href=\"https:\/\/bricomart.epreselec.com\/Ofertas\/Ofertas.aspx\">web de empleo<\/a>.<\/p>\n","protected":false},"excerpt":{"rendered":"<p>El requisito principal para optar a estos puestos de trabajo es contar con el t\u00edtulo de Educaci\u00f3n Secundaria Obligatoria.<\/p>\n","protected":false},"author":2,"featured_media":6439,"comment_status":"open","ping_status":"open","sticky":false,"template":"","format":"standard","meta":{"footnotes":""},"categories":[65],"tags":[1163,718,86,95,1345,211],"class_list":["post-6438","post","type-post","status-publish","format-standard","has-post-thumbnail","hentry","category-ofertas-de-empleo","tag-aldi","tag-bricomart","tag-cientos","tag-empleos","tag-ikea","tag-verano"],"amp_enabled":true,"_links":{"self":[{"href":"https:\/\/sucurriculum.com\/noticias\/wp-json\/wp\/v2\/posts\/6438","targetHints":{"allow":["GET"]}}],"collection":[{"href":"https:\/\/sucurriculum.com\/noticias\/wp-json\/wp\/v2\/posts"}],"about":[{"href":"https:\/\/sucurriculum.com\/noticias\/wp-json\/wp\/v2\/types\/post"}],"author":[{"embeddable":true,"href":"https:\/\/sucurriculum.com\/noticias\/wp-json\/wp\/v2\/users\/2"}],"replies":[{"embeddable":true,"href":"https:\/\/sucurriculum.com\/noticias\/wp-json\/wp\/v2\/comments?post=6438"}],"version-history":[{"count":1,"href":"https:\/\/sucurriculum.com\/noticias\/wp-json\/wp\/v2\/posts\/6438\/revisions"}],"predecessor-version":[{"id":6440,"href":"https:\/\/sucurriculum.com\/noticias\/wp-json\/wp\/v2\/posts\/6438\/revisions\/6440"}],"wp:featuredmedia":[{"embeddable":true,"href":"https:\/\/sucurriculum.com\/noticias\/wp-json\/wp\/v2\/media\/6439"}],"wp:attachment":[{"href":"https:\/\/sucurriculum.com\/noticias\/wp-json\/wp\/v2\/media?parent=6438"}],"wp:term":[{"taxonomy":"category","embeddable":true,"href":"https:\/\/sucurriculum.com\/noticias\/wp-json\/wp\/v2\/categories?post=6438"},{"taxonomy":"post_tag","embeddable":true,"href":"https:\/\/sucurriculum.com\/noticias\/wp-json\/wp\/v2\/tags?post=6438"}],"curies":[{"name":"wp","href":"https:\/\/api.w.org\/{rel}","templated":true}]}}