{"id":6435,"date":"2022-05-10T09:00:09","date_gmt":"2022-05-10T07:00:09","guid":{"rendered":"https:\/\/sucurriculum.com\/noticias\/?p=6435"},"modified":"2022-05-10T09:00:10","modified_gmt":"2022-05-10T07:00:10","slug":"mas-de-1-000-empleos-en-el-foro-de-empleo-de-la-upv","status":"publish","type":"post","link":"https:\/\/sucurriculum.com\/noticias\/mas-de-1-000-empleos-en-el-foro-de-empleo-de-la-upv\/","title":{"rendered":"M\u00e1s de 1.000 empleos en el Foro de Empleo de la UPV"},"content":{"rendered":"\n<p>A pesar de los buenos datos del empleo de la Comunitat Valenciana \u2013 se ha reducido en m\u00e1s de 3.200 personas en el mes de abril seg\u00fan los registros oficiales del Ministerio de Trabajo -, la b\u00fasqueda de empleo activa sigue siendo una de las principales preocupaciones de los espa\u00f1oles, como as\u00ed lo reflejan las encuestas del CIS.<\/p>\n\n\n\n<p>Se trata de un asunto de principal preocupaci\u00f3n, especialmente entre la poblaci\u00f3n joven; ya que el paro juvenil en Espa\u00f1a cerr\u00f3 el a\u00f1o 2021 con una tasa del 29,6 %, la m\u00e1s alta de la Uni\u00f3n Europea, por delante del 27,2 % de Grecia y del 24,5 % de Italia.<\/p>\n\n\n\n<p>Para todos esos j\u00f3venes que desean introducirse en el mercado laboral, la Universitat Polit\u00e8cnica de Val\u00e8ncia celebra la vig\u00e9sima edici\u00f3n del Foro del Empleo los pr\u00f3ximos d\u00edas 11 y 12 de mayo en el campus central de la UPV, junto a la Casa del Alumno.<\/p>\n\n\n\n<h6 class=\"wp-block-heading\">M\u00e1s de 1.000 ofertas de trabajo<\/h6>\n\n\n\n<p>Ser\u00e1 una oportunidad para encontrar un empleo de entre los 1.000 puestos de trabajo que ofrecen las m\u00e1s de 135 empresas participantes que se dan cita en el Foro de Empleo de la Universitat Polit\u00e8cnica de Val\u00e8ncia, para captar talento y dar a conocer sus l\u00edneas de trabajo y filosof\u00eda corporativa.<\/p>\n\n\n\n<p>Los interesados en encontrar una oferta laboral podr\u00e1n asistir a la feria, en horario de 10 a 18 horas, para acercarse y presentar sus curr\u00edculos en los diferentes estands del evento, donde podr\u00e1n tener contacto directo con las empresas.El Foro de Empleo de la UPV se celebra los d\u00edas 11 y 12 de mayo en el campus de Val\u00e8ncia.<\/p>\n\n\n\n<p>La fortaleza de esta iniciativa de la UPV queda refrendada por la participaci\u00f3n r\u00e9cord de las empresas en esta vig\u00e9sima edici\u00f3n; lo que demuestra que el evento se ha convertido en una cita de referencia nacional tanto para las empresas, que desean incorporar el mejor talento juvenil a sus equipos de trabajo, como para los j\u00f3venes estudiantes o titulados, que buscan una oportunidad laboral o un per\u00edodo de pr\u00e1cticas, mediante el que incorporarse al mercado laboral.<\/p>\n\n\n\n<h6 class=\"wp-block-heading\">El programa de actividades del Foro de Empleo de la UPV<\/h6>\n\n\n\n<p>El Foro de Empleo de la Universitat Polit\u00e8nica de Val\u00e8ncia cuenta con una extensa programaci\u00f3n de actividades, que complementan la b\u00fasqueda de empleo, creando un espacio en el que los aspirantes a incorporarse al mercado laboral puedan enriquecerse y evolucionar con el relato y la experiencia de los profesionales participantes.<\/p>\n\n\n\n<p>Por ello, la organizaci\u00f3n del evento ha programado un total de quince mesas redondas, en las que participar\u00e1n representantes de 70 empresas e instituciones diferentes. En estos encuentros, los contertulios debatir\u00e1n sobre diferentes aspectos relacionados con la empleabilidad y el mercado laboral.<\/p>\n\n\n\n<h6 class=\"wp-block-heading\">Empresas participantes<\/h6>\n\n\n\n<p>Los m\u00e1s de 1.000 puestos ofertados por la vig\u00e9sima edici\u00f3n del Foro de Empleo de la UPV ser\u00e1n posibles gracias a una participaci\u00f3n r\u00e9cord de m\u00e1s de 135 empresas participantes.<\/p>\n\n\n\n<p>Las compa\u00f1\u00edas que estar\u00e1n presentes en este evento se pueden consultar en la <a href=\"http:\/\/foroempleo.webs.upv.es\/webapp\/empresas\/empresas_listado.html\">p\u00e1gina web del Foro<\/a> de Empleo de la UPV, que celebra su vig\u00e9sima edici\u00f3n los d\u00edas 11 y 12 de mayo en el campus de la Universitat Polit\u00e8cnica de Val\u00e8ncia, junto a la Casa del Alumno.<\/p>\n","protected":false},"excerpt":{"rendered":"<p>Para todos los j\u00f3venes que desean entrar en el mercado laboral, la Universitat Polit\u00e8cnica de Val\u00e8ncia celebra la 20\u00aa edici\u00f3n del Foro del Empleo el 11 y 12 de mayo.<\/p>\n","protected":false},"author":2,"featured_media":6436,"comment_status":"open","ping_status":"open","sticky":false,"template":"","format":"standard","meta":{"footnotes":""},"categories":[65],"tags":[94,3689,137,95,3687,3688],"class_list":["post-6435","post","type-post","status-publish","format-standard","has-post-thumbnail","hentry","category-ofertas-de-empleo","tag-94","tag-comunit-valenciana","tag-empleo","tag-empleos","tag-foro","tag-upv"],"amp_enabled":true,"_links":{"self":[{"href":"https:\/\/sucurriculum.com\/noticias\/wp-json\/wp\/v2\/posts\/6435","targetHints":{"allow":["GET"]}}],"collection":[{"href":"https:\/\/sucurriculum.com\/noticias\/wp-json\/wp\/v2\/posts"}],"about":[{"href":"https:\/\/sucurriculum.com\/noticias\/wp-json\/wp\/v2\/types\/post"}],"author":[{"embeddable":true,"href":"https:\/\/sucurriculum.com\/noticias\/wp-json\/wp\/v2\/users\/2"}],"replies":[{"embeddable":true,"href":"https:\/\/sucurriculum.com\/noticias\/wp-json\/wp\/v2\/comments?post=6435"}],"version-history":[{"count":1,"href":"https:\/\/sucurriculum.com\/noticias\/wp-json\/wp\/v2\/posts\/6435\/revisions"}],"predecessor-version":[{"id":6437,"href":"https:\/\/sucurriculum.com\/noticias\/wp-json\/wp\/v2\/posts\/6435\/revisions\/6437"}],"wp:featuredmedia":[{"embeddable":true,"href":"https:\/\/sucurriculum.com\/noticias\/wp-json\/wp\/v2\/media\/6436"}],"wp:attachment":[{"href":"https:\/\/sucurriculum.com\/noticias\/wp-json\/wp\/v2\/media?parent=6435"}],"wp:term":[{"taxonomy":"category","embeddable":true,"href":"https:\/\/sucurriculum.com\/noticias\/wp-json\/wp\/v2\/categories?post=6435"},{"taxonomy":"post_tag","embeddable":true,"href":"https:\/\/sucurriculum.com\/noticias\/wp-json\/wp\/v2\/tags?post=6435"}],"curies":[{"name":"wp","href":"https:\/\/api.w.org\/{rel}","templated":true}]}}