{"id":6294,"date":"2022-04-13T02:04:51","date_gmt":"2022-04-13T00:04:51","guid":{"rendered":"https:\/\/sucurriculum.com\/noticias\/?p=6294"},"modified":"2022-04-13T02:04:52","modified_gmt":"2022-04-13T00:04:52","slug":"la-generalitat-valenciana-subvencionara-con-4-000-euros-a-las-embarazadas-que-contraten-a-desempleados","status":"publish","type":"post","link":"https:\/\/sucurriculum.com\/noticias\/la-generalitat-valenciana-subvencionara-con-4-000-euros-a-las-embarazadas-que-contraten-a-desempleados\/","title":{"rendered":"La Generalitat Valenciana subvencionar\u00e1 con 4.000 euros a las embarazadas que contraten a desempleados"},"content":{"rendered":"\n<p>La Generalitat Valenciana, a trav\u00e9s de Labora, ha convocado las ayudas por las que las mujeres aut\u00f3nomas embarazadas o en proceso de adopci\u00f3n podr\u00e1n recibir hasta 4.000 euros por la contrataci\u00f3n temporal de personas desempleadas para el mantenimiento de su actividad.<\/p>\n\n\n\n<p>En el marco del programa EAUTOM 2022, seg\u00fan un comunicado de la Administraci\u00f3n auton\u00f3mica, se contemplan estas subvenciones para el mantenimiento del trabajo aut\u00f3nomo de mujeres y la contrataci\u00f3n de personas desempleadas que efect\u00faen mujeres aut\u00f3nomas embarazadas o en proceso de adopci\u00f3n.<\/p>\n\n\n\n<p>El extracto de la resoluci\u00f3n ha sido publicado en el Diari Oficial de la Generalitat Valenciana y establece un plazo solicitudes que empieza este viernes 8 de abril y finaliza el 15 de septiembre 2022.<\/p>\n\n\n\n<p>Las solicitudes se presentar\u00e1n electr\u00f3nicamente.<\/p>\n\n\n\n<h6 class=\"wp-block-heading\">Condiciones de las subvenciones<\/h6>\n\n\n\n<p>Este programa de subvenciones est\u00e1 dotado con 150.000 euros y ofrece 1.500 euros para las contrataciones temporales a jornada completa de al menos tres meses de duraci\u00f3n. Si la contrataci\u00f3n es de al menos seis meses, la cantidad ascender\u00e1 hasta los 3.500 euros. Estos importes se incrementar\u00e1n en 500 euros si la persona contratada tiene diversidad funcional o si es mujer, lo que supondr\u00e1 una ayuda de hasta 4.000 euros.<\/p>\n\n\n\n<p>Si la contrataci\u00f3n no es a jornada completa, ser\u00e1 subvencionable siempre que, al menos, alcance las 30 horas, con reducci\u00f3n proporcional. Asimismo, las contrataciones deber\u00e1n haberse producido a partir del 1 de enero de 2022 y deber\u00e1n haber tenido lugar antes de la baja maternal de la solicitante.<\/p>\n\n\n\n<p>La persona contratada deber\u00e1 haber permanecido inscrita en Labora como demandante de empleo hasta el momento de la contrataci\u00f3n (actualmente a trav\u00e9s de cita en este enlace). Finalmente, la mujer aut\u00f3noma y la persona contratada no podr\u00e1n guardar parentesco por cosanguinidad o afinidad hasta el segundo grado.<\/p>\n","protected":false},"excerpt":{"rendered":"<p>La Generalitat Valenciana ha convocado ayudas a mujeres aut\u00f3nomas embarazadas de hasta 4.000 euros por la contrataci\u00f3n de personas desempleadas.<\/p>\n","protected":false},"author":2,"featured_media":6295,"comment_status":"open","ping_status":"open","sticky":false,"template":"","format":"standard","meta":{"footnotes":""},"categories":[35],"tags":[1208,2534,282,3537,41,1073,3536,1074],"class_list":["post-6294","post","type-post","status-publish","format-standard","has-post-thumbnail","hentry","category-ayudas","tag-1208","tag-contraten","tag-desempleados","tag-embarazadas","tag-euros","tag-generalitat","tag-subvencionara","tag-valenciana"],"amp_enabled":true,"_links":{"self":[{"href":"https:\/\/sucurriculum.com\/noticias\/wp-json\/wp\/v2\/posts\/6294","targetHints":{"allow":["GET"]}}],"collection":[{"href":"https:\/\/sucurriculum.com\/noticias\/wp-json\/wp\/v2\/posts"}],"about":[{"href":"https:\/\/sucurriculum.com\/noticias\/wp-json\/wp\/v2\/types\/post"}],"author":[{"embeddable":true,"href":"https:\/\/sucurriculum.com\/noticias\/wp-json\/wp\/v2\/users\/2"}],"replies":[{"embeddable":true,"href":"https:\/\/sucurriculum.com\/noticias\/wp-json\/wp\/v2\/comments?post=6294"}],"version-history":[{"count":1,"href":"https:\/\/sucurriculum.com\/noticias\/wp-json\/wp\/v2\/posts\/6294\/revisions"}],"predecessor-version":[{"id":6296,"href":"https:\/\/sucurriculum.com\/noticias\/wp-json\/wp\/v2\/posts\/6294\/revisions\/6296"}],"wp:featuredmedia":[{"embeddable":true,"href":"https:\/\/sucurriculum.com\/noticias\/wp-json\/wp\/v2\/media\/6295"}],"wp:attachment":[{"href":"https:\/\/sucurriculum.com\/noticias\/wp-json\/wp\/v2\/media?parent=6294"}],"wp:term":[{"taxonomy":"category","embeddable":true,"href":"https:\/\/sucurriculum.com\/noticias\/wp-json\/wp\/v2\/categories?post=6294"},{"taxonomy":"post_tag","embeddable":true,"href":"https:\/\/sucurriculum.com\/noticias\/wp-json\/wp\/v2\/tags?post=6294"}],"curies":[{"name":"wp","href":"https:\/\/api.w.org\/{rel}","templated":true}]}}