{"id":6276,"date":"2022-04-11T11:27:53","date_gmt":"2022-04-11T09:27:53","guid":{"rendered":"https:\/\/sucurriculum.com\/noticias\/?p=6276"},"modified":"2022-04-12T09:39:07","modified_gmt":"2022-04-12T07:39:07","slug":"como-cobrar-el-mini-paro-desde-los-52-anos-hasta-la-jubilacion","status":"publish","type":"post","link":"https:\/\/sucurriculum.com\/noticias\/como-cobrar-el-mini-paro-desde-los-52-anos-hasta-la-jubilacion\/","title":{"rendered":"C\u00f3mo cobrar el mini-paro desde los 52 a\u00f1os hasta la jubilaci\u00f3n"},"content":{"rendered":"\n<p>Las personas que est\u00e9n en situaci\u00f3n de desempleo y tengan una edad de 52 a\u00f1os o m\u00e1s tienen derecho a un subsidio en aquellos casos que hayan agotado su prestaci\u00f3n por desempleo este 2022.<\/p>\n\n\n\n<p>Se trata del llamado &#8216;mini-paro&#8217;, que ofrece el Servicio P\u00fablico de Empleo Estatal (SEPE). Su duraci\u00f3n llega hasta que los beneficiarios alcancen la edad de jubilaci\u00f3n, siempre que cumplan con determinados requisitos.<\/p>\n\n\n\n<p>Los beneficiarios de este subsidio no lo pierden en ning\u00fan momento, excepto si encuentran un empleo. Para optar a \u00e9l hay que haber contribuido al r\u00e9gimen de la Seguridad Social y tiene una cuant\u00eda de 463 euros mensuales.<\/p>\n\n\n\n<p><strong>Para poder recibir el subsidio, hay que estar inscrito como demandante de empleo en el servicio p\u00fablico de empleo de la comunidad aut\u00f3noma correspondiente y haber cumplido un per\u00edodo m\u00ednimo de cotizaci\u00f3n.<\/strong><\/p>\n\n\n\n<p>Hay que presentar el DNI del solicitante, un extracto bancario con el n\u00famero de cuenta y el Libro de Familia. El plazo de solicitud es de 15 d\u00edas h\u00e1biles desde el d\u00eda siguiente a la situaci\u00f3n legal de desempleo.<\/p>\n\n\n\n<p>Los desempleados tendr\u00e1n que haber cumplido los 52 a\u00f1os, haber agotado la prestaci\u00f3n por desempleo durante 2022 y no pueden contar con ingresos superiores al 75% del SMI.<\/p>\n\n\n\n<p>Adem\u00e1s, otro requisito es carecer de rentas propias y no se tienen en cuenta los ingresos del resto de miembros de la unidad familiar ni al solicitar la prestaci\u00f3n ni durante su vigencia.<\/p>\n\n\n\n<p>La ayuda siempre se percibe de forma \u00edntegra, durante 12 meses y sin reducciones por parcialidad.<\/p>\n\n\n\n<p>Para solicitarlo se puede pedir cita previa a <a href=\"https:\/\/www.sepe.es\/HomeSepe\/Personas\/distributiva-prestaciones\/he-dejado-de-cobrar-el-paro\/tengo-mas-de-55-anos.html\">trav\u00e9s de la web del SEPE<\/a>. La sede electr\u00f3nica de este organismo oficial tambi\u00e9n ofrece la posibilidad de registro si se dispone de certificado digital, DNI electr\u00f3nico o c\u00f3digo de usuario y contrase\u00f1a y tambi\u00e9n es posible llevar a cabo la gesti\u00f3n utilizando el formulario presolicitud desde la propia plataforma web.<\/p>\n","protected":false},"excerpt":{"rendered":"<p>Las personas que est\u00e9n en situaci\u00f3n de desempleo y tengan una edad de 52 a\u00f1os o m\u00e1s tienen derecho a un subsidio.<\/p>\n","protected":false},"author":2,"featured_media":6277,"comment_status":"open","ping_status":"open","sticky":false,"template":"","format":"standard","meta":{"footnotes":""},"categories":[35],"tags":[1534,230,1246,1825,3520,31],"class_list":["post-6276","post","type-post","status-publish","format-standard","has-post-thumbnail","hentry","category-ayudas","tag-1534","tag-anos","tag-cobrar","tag-jubilacion-2","tag-mini","tag-paro"],"amp_enabled":true,"_links":{"self":[{"href":"https:\/\/sucurriculum.com\/noticias\/wp-json\/wp\/v2\/posts\/6276","targetHints":{"allow":["GET"]}}],"collection":[{"href":"https:\/\/sucurriculum.com\/noticias\/wp-json\/wp\/v2\/posts"}],"about":[{"href":"https:\/\/sucurriculum.com\/noticias\/wp-json\/wp\/v2\/types\/post"}],"author":[{"embeddable":true,"href":"https:\/\/sucurriculum.com\/noticias\/wp-json\/wp\/v2\/users\/2"}],"replies":[{"embeddable":true,"href":"https:\/\/sucurriculum.com\/noticias\/wp-json\/wp\/v2\/comments?post=6276"}],"version-history":[{"count":1,"href":"https:\/\/sucurriculum.com\/noticias\/wp-json\/wp\/v2\/posts\/6276\/revisions"}],"predecessor-version":[{"id":6278,"href":"https:\/\/sucurriculum.com\/noticias\/wp-json\/wp\/v2\/posts\/6276\/revisions\/6278"}],"wp:featuredmedia":[{"embeddable":true,"href":"https:\/\/sucurriculum.com\/noticias\/wp-json\/wp\/v2\/media\/6277"}],"wp:attachment":[{"href":"https:\/\/sucurriculum.com\/noticias\/wp-json\/wp\/v2\/media?parent=6276"}],"wp:term":[{"taxonomy":"category","embeddable":true,"href":"https:\/\/sucurriculum.com\/noticias\/wp-json\/wp\/v2\/categories?post=6276"},{"taxonomy":"post_tag","embeddable":true,"href":"https:\/\/sucurriculum.com\/noticias\/wp-json\/wp\/v2\/tags?post=6276"}],"curies":[{"name":"wp","href":"https:\/\/api.w.org\/{rel}","templated":true}]}}