{"id":6273,"date":"2022-04-11T11:14:18","date_gmt":"2022-04-11T09:14:18","guid":{"rendered":"https:\/\/sucurriculum.com\/noticias\/?p=6273"},"modified":"2022-04-11T11:14:19","modified_gmt":"2022-04-11T09:14:19","slug":"espana-tiene-mas-parados-de-larga-duracion-que-17-paises-juntos","status":"publish","type":"post","link":"https:\/\/sucurriculum.com\/noticias\/espana-tiene-mas-parados-de-larga-duracion-que-17-paises-juntos\/","title":{"rendered":"Espa\u00f1a tiene m\u00e1s parados de larga duraci\u00f3n que 17 pa\u00edses juntos"},"content":{"rendered":"\n<p>El Gobierno lleva meses presumiendo de la mejora de mercado laboral nacional, tanto en afiliados a la Seguridad Social como en contrataciones y calidad de los contratos, pero el desempleo juvenil dobla el europeo y los parados de larga duraci\u00f3n concentran el 30% de toda la Uni\u00f3n Europea (UE), con 912.000 personas que llevan, al menos, dos a\u00f1os sin trabajar. Esta cifra de parados de larga duraci\u00f3n acumul\u00f3 entre octubre y diciembre 26.600 trabajadores m\u00e1s al cierre de 2021 y sum\u00f3 su tercer trimestre consecutivo al alza, una situaci\u00f3n que no ocurr\u00eda desde 2014, seg\u00fan el Monitor Adecco de Oportunidades y Satisfacci\u00f3n en el Empleo.<\/p>\n\n\n\n<p>El n\u00famero de parados de larga duraci\u00f3n representa en Espa\u00f1a un 27% del total de desempleados, tres puntos porcentuales m\u00e1s que en 2020. Ese porcentaje es uno de los m\u00e1s altos de la UE, solo por detr\u00e1s de Grecia (40,6%), Italia (34,5%) y Bulgaria (28,4%). La proporci\u00f3n de estos parados se sit\u00faa siete puntos porcentuales por encima de la media de la UE, fijada en 20,2%, y se aleja en unos 20 puntos de tasas como las de Suecia (6,7%) y Dinamarca (7,6%). Los 912.000 parados de larga duraci\u00f3n de Espa\u00f1a equivalen a la suma de este colectivo en Suecia, Dinamarca, Finlandia, Polonia, Rep\u00fablica Checa, Hungr\u00eda, Holanda, Austria, Ruman\u00eda, Portugal, B\u00e9lgica, Bulgaria, Grecia, Croacia, Chipre, Letonia y Lituania juntos, como apuntan desde Adecco.<\/p>\n\n\n\n<p>En este sentido, pa\u00edses con mucha m\u00e1s poblaci\u00f3n que Espa\u00f1a (47,4 millones de habitantes) tienen menos parados de larga duraci\u00f3n. Son los casos de Alemania, con 245.900 parados de larga duraci\u00f3n (y 83,2 millones de habitantes), Francia, con 348.900 personas paradas desde hace al menos dos a\u00f1os (y 67,3 millones de habitantes) e Italia, con 827.000 personas que buscan empleo desde hace al menos 24 meses (y 59,3 millones de habitantes). Solo Grecia (40,6%), Italia (34,5%) y Bulgaria (28,4%) presentan una mayor proporci\u00f3n de paro de larga duraci\u00f3n que Espa\u00f1a que, adem\u00e1s, supera en casi siete puntos la media de la UE (20,2%). Los Estados con la cifra m\u00e1s baja son Suecia (6,7%) y Dinamarca (7,6%).<\/p>\n\n\n\n<p>Centrados en Espa\u00f1a, Andaluc\u00eda (31,1%) es la regi\u00f3n con m\u00e1s desempleados de larga duraci\u00f3n, seguida por Asturias (30,5%). Son las \u00fanicas que superan la tasa del 30%. Por el contrario, Baleares (18%), La Rioja (20,8%), Arag\u00f3n (21,4%), Catalu\u00f1a (22,3%) y la Comunidad de Madrid (23,4%) son las que se sit\u00faan por debajo. Respecto a la protecci\u00f3n de los desempleados, en el conjunto de Espa\u00f1a, un 67,1% de los parados est\u00e1 cobrando una prestaci\u00f3n por desempleo, que es una proporci\u00f3n 2,9 puntos porcentuales m\u00e1s baja que la de un a\u00f1o antes.<\/p>\n\n\n\n<p>Espa\u00f1a tambi\u00e9n es uno de los pa\u00edses con mayor subocupaci\u00f3n horaria: aquellos que trabajan menos tiempo que la jornada completa, quieren y est\u00e1n disponibles para trabajar m\u00e1s horas, pero no encuentran d\u00f3nde hacerlo. Considerando la media m\u00f3vil de los \u00faltimos cuatro trimestres, el informe de Adecco resalta que la proporci\u00f3n de personas en situaci\u00f3n de subocupaci\u00f3n horaria en el total de ocupados de Espa\u00f1a es de un 9,3%, 0,5 puntos porcentuales por encima que en el cuarto trimestre de 2020. Esta variable ha aumentado en todas las comunidades aut\u00f3nomas simult\u00e1neamente. Mientras que hace un a\u00f1o solo hab\u00eda tres regiones en donde esta proporci\u00f3n superaba el 11%, ahora se cuentan seis comunidades en esa situaci\u00f3n. Se trata de Extremadura, la Regi\u00f3n de Murcia, Baleares, la Comunidad Valenciana, La Rioja y la Comunidad de Madrid. En el extremo contrario, destacan cuatro autonom\u00edas con menos de un 9% de sus ocupados en situaci\u00f3n de subocupaci\u00f3n horaria: Catalu\u00f1a, el Pa\u00eds Vasco, Arag\u00f3n y Galicia.<\/p>\n\n\n\n<p>Otra de las cuestiones que recoge el informe Adecco es que la proporci\u00f3n de empleos de alta cualificaci\u00f3n ha aumentado siete d\u00e9cimas en la comparaci\u00f3n interanual hasta el 35,2%, alcanzando un nuevo m\u00e1ximo hist\u00f3rico. Esto ocurre porque este tipo de empleos ha crecido m\u00e1s deprisa que los de media o baja cualificaci\u00f3n. En concreto, a lo largo de 2021 se han creado 840.600 puestos de trabajo (+4,3% interanual). De ellos, 465.900 empleos son de alta cualificaci\u00f3n (+7%) y los restantes 374.700 empleos de media o baja (+3%).<\/p>\n\n\n\n<p>La Comunidad de Madrid acoge la mayor proporci\u00f3n de empleos de alta cualificaci\u00f3n en Espa\u00f1a, con un 45,3%, y junto con el Pa\u00eds Vasco (40,6%) son las \u00fanicas autonom\u00edas donde m\u00e1s del 40% del empleo es de alta cualificaci\u00f3n. Seg\u00fan el estudio, remitido este jueves, Madrid es la quinta regi\u00f3n con menor proporci\u00f3n de parados de larga duraci\u00f3n, con un 23,4%, y es la comunidad donde el 55,4% de sus parados est\u00e1 cubierto por una prestaci\u00f3n, lo que supone un incremento de 1,7 puntos porcentuales. En la situaci\u00f3n contraria hay tres regiones en donde los empleos de alta cualificaci\u00f3n son menos de un 30% del total de la ocupaci\u00f3n: Extremadura (25,6 %), Castilla-La Mancha (27,6 %) y Murcia (29,6 %). La proporci\u00f3n de empleos de alta cualificaci\u00f3n en el total de la ocupaci\u00f3n ha aumentado en 13 autonom\u00edas. Los mayores incrementos se registran en La Rioja (+2,9 puntos porcentuales), el Pa\u00eds Vasco (+1,8.) y Andaluc\u00eda (+1,6%.).<\/p>\n","protected":false},"excerpt":{"rendered":"<p>El desempleo juvenil en Espa\u00f1a dobla el europeo y los parados de larga duraci\u00f3n concentran el 30% de toda la Uni\u00f3n Europea.<\/p>\n","protected":false},"author":2,"featured_media":6274,"comment_status":"open","ping_status":"open","sticky":false,"template":"","format":"standard","meta":{"footnotes":""},"categories":[66],"tags":[1706,1602,21,3519,812,1201,119],"class_list":["post-6273","post","type-post","status-publish","format-standard","has-post-thumbnail","hentry","category-noticias-actualidad","tag-1706","tag-duracion-2","tag-espana","tag-juntos","tag-larga","tag-paises","tag-parados"],"amp_enabled":true,"_links":{"self":[{"href":"https:\/\/sucurriculum.com\/noticias\/wp-json\/wp\/v2\/posts\/6273","targetHints":{"allow":["GET"]}}],"collection":[{"href":"https:\/\/sucurriculum.com\/noticias\/wp-json\/wp\/v2\/posts"}],"about":[{"href":"https:\/\/sucurriculum.com\/noticias\/wp-json\/wp\/v2\/types\/post"}],"author":[{"embeddable":true,"href":"https:\/\/sucurriculum.com\/noticias\/wp-json\/wp\/v2\/users\/2"}],"replies":[{"embeddable":true,"href":"https:\/\/sucurriculum.com\/noticias\/wp-json\/wp\/v2\/comments?post=6273"}],"version-history":[{"count":1,"href":"https:\/\/sucurriculum.com\/noticias\/wp-json\/wp\/v2\/posts\/6273\/revisions"}],"predecessor-version":[{"id":6275,"href":"https:\/\/sucurriculum.com\/noticias\/wp-json\/wp\/v2\/posts\/6273\/revisions\/6275"}],"wp:featuredmedia":[{"embeddable":true,"href":"https:\/\/sucurriculum.com\/noticias\/wp-json\/wp\/v2\/media\/6274"}],"wp:attachment":[{"href":"https:\/\/sucurriculum.com\/noticias\/wp-json\/wp\/v2\/media?parent=6273"}],"wp:term":[{"taxonomy":"category","embeddable":true,"href":"https:\/\/sucurriculum.com\/noticias\/wp-json\/wp\/v2\/categories?post=6273"},{"taxonomy":"post_tag","embeddable":true,"href":"https:\/\/sucurriculum.com\/noticias\/wp-json\/wp\/v2\/tags?post=6273"}],"curies":[{"name":"wp","href":"https:\/\/api.w.org\/{rel}","templated":true}]}}