{"id":610,"date":"2020-04-27T10:15:51","date_gmt":"2020-04-27T08:15:51","guid":{"rendered":"https:\/\/sucurriculum.com\/noticias\/?p=610"},"modified":"2020-04-27T10:15:52","modified_gmt":"2020-04-27T08:15:52","slug":"asi-se-comprara-ropa-tras-el-confinamiento","status":"publish","type":"post","link":"https:\/\/sucurriculum.com\/noticias\/asi-se-comprara-ropa-tras-el-confinamiento\/","title":{"rendered":"As\u00ed se comprar\u00e1 ropa tras el Confinamiento"},"content":{"rendered":"\n<p>Mango y Desigual son los primeros operadores espa\u00f1oles del comercio textil en empezar a levantar la persiana de alguna de sus tiendas, sobre todo en el norte de Europa, donde empiezan a aflojar las restricciones al funcionamiento de los comercios. No es el caso de Espa\u00f1a, donde el sector mira a junio como fecha como para poder empezar a hacerlo.<\/p>\n\n\n\n<p>Sin embargo, esa relativa vuelta a la normalidad en estas dos firmas viene acompa\u00f1ada de medidas de higiene y seguridad con las que los consumidores deber\u00e1n ir acostumbr\u00e1ndose, tambi\u00e9n cuando lleguen a Espa\u00f1a, al igual que ha ocurrido en el sector de los supermercados. <\/p>\n\n\n\n<p>Los operadores del sector textil vienen trabajando desde hace semanas en los protocolos que deber\u00e1n seguir cuando puedan abrir, e incluso interpelando al Gobierno central a que les especifique todos aquellos aspectos que deber\u00e1n garantizar para la seguridad de clientes y trabajadores.<\/p>\n\n\n\n<p>En los casos de Mango y Desigual, las medidas implantadas se pueden resumir en tres \u00e1mbitos: restricciones al aforo; equipamiento de seguridad para empleados y tambi\u00e9n para clientes; y medidas extraordinarias en un punto clave de estas tiendas: los probadores. As\u00ed se comprar\u00e1 ropa en la era post-Covid.<\/p>\n\n\n\n<p>Equipos de protecci\u00f3n<\/p>\n\n\n\n<p>En las tiendas que han abierto en Austria, Alemania y Holanda, Mango y Desigual proveer\u00e1n de guantes y desinfectante de manos a clientes y empleados. Estos \u00faltimos, adem\u00e1s, llevar\u00e1n mascarillas, por lo que los consumidores deber\u00e1n acostumbrarse a interactuar con un personal de tienda protegido. En este \u00e1mbito, son medidas similares a las que han ido tomando las empresas de supermercados en Espa\u00f1a, que han seguido funcionando en los peores momentos de la pandemia.<\/p>\n\n\n\n<p><strong>Menos gente<\/strong><\/p>\n\n\n\n<p>Tambi\u00e9n habr\u00e1 restricciones de aforo. En las primeras tiendas que reabrir\u00e1, Mango permitir\u00e1 la entrada como m\u00e1ximo de una persona por cada 10 o 20 metros cuadrados, seg\u00fan las restricciones locales. En su caso, ser\u00e1 el personal de estos locales los que controlar\u00e1n que se respeta esta medida, que estar\u00e1 se\u00f1alizada en los mismos. El staff tambi\u00e9n se encargar\u00e1 de indicar puntualmente a los clientes de que tienen que mantener una distancia de seguridad de al menos un metro y medio entre ellos.<\/p>\n\n\n\n<p>Desigual , por su parte, dijo que garantizar\u00e1 que exista una distancia de entre un metro y metro y medio entre personas. Entre las tiendas que ha elegido para comenzar a volver a la normalidad no se encuentran algunas de m\u00e1s de 800 metros cuadrados de superficie, que har\u00eda m\u00e1s complicado este control de aforo.<\/p>\n\n\n\n<p><strong>\u00bfQu\u00e9 pasa con los probadores?<\/strong><\/p>\n\n\n\n<p>Un punto de concentraci\u00f3n de clientes en las tiendas de ropa son los probadores. Y las cadenas textiles tomar\u00e1n medidas. Mango los tendr\u00e1 parcialmente abiertos, es decir, intercalar\u00e1 uno disponible y otro cerrado para garantizar las distancias de seguridad. Adem\u00e1s, tambi\u00e9n aplicar\u00e1 una peque\u00f1a cuarentena a las prendas. Por ejemplo, aquellas que se prueben y que el cliente no compre se aislar\u00e1n durante 48 horas, y lo mismo ocurrir\u00e1 con las que sean devueltas tras su compra.<\/p>\n\n\n\n<p>En Desigual solo se permitir\u00e1 el acceso a una sola persona a los probadores, que ser\u00e1n desinfectados despu\u00e9s de cada uso \u00abe informando al cliente de la \u00faltima vez que se ha llevado a cabo la limpieza\u00bb. En el caso de esta \u00faltima, el horario de apertura de las tiendas es reducido, de 12.00 a 18.00, y se prioriza el pago por tarjeta o m\u00f3vil.<\/p>\n","protected":false},"excerpt":{"rendered":"<p>Restricciones al aforo, equipamiento de seguridad para empleados y clientes y medidas extraordinarias en los probadores.<\/p>\n","protected":false},"author":2,"featured_media":611,"comment_status":"open","ping_status":"open","sticky":false,"template":"","format":"standard","meta":{"footnotes":""},"categories":[66],"tags":[375,4,501,500],"class_list":["post-610","post","type-post","status-publish","format-standard","has-post-thumbnail","hentry","category-noticias-actualidad","tag-comprar","tag-coronavirus","tag-ropa","tag-tiendas"],"amp_enabled":true,"_links":{"self":[{"href":"https:\/\/sucurriculum.com\/noticias\/wp-json\/wp\/v2\/posts\/610","targetHints":{"allow":["GET"]}}],"collection":[{"href":"https:\/\/sucurriculum.com\/noticias\/wp-json\/wp\/v2\/posts"}],"about":[{"href":"https:\/\/sucurriculum.com\/noticias\/wp-json\/wp\/v2\/types\/post"}],"author":[{"embeddable":true,"href":"https:\/\/sucurriculum.com\/noticias\/wp-json\/wp\/v2\/users\/2"}],"replies":[{"embeddable":true,"href":"https:\/\/sucurriculum.com\/noticias\/wp-json\/wp\/v2\/comments?post=610"}],"version-history":[{"count":1,"href":"https:\/\/sucurriculum.com\/noticias\/wp-json\/wp\/v2\/posts\/610\/revisions"}],"predecessor-version":[{"id":612,"href":"https:\/\/sucurriculum.com\/noticias\/wp-json\/wp\/v2\/posts\/610\/revisions\/612"}],"wp:featuredmedia":[{"embeddable":true,"href":"https:\/\/sucurriculum.com\/noticias\/wp-json\/wp\/v2\/media\/611"}],"wp:attachment":[{"href":"https:\/\/sucurriculum.com\/noticias\/wp-json\/wp\/v2\/media?parent=610"}],"wp:term":[{"taxonomy":"category","embeddable":true,"href":"https:\/\/sucurriculum.com\/noticias\/wp-json\/wp\/v2\/categories?post=610"},{"taxonomy":"post_tag","embeddable":true,"href":"https:\/\/sucurriculum.com\/noticias\/wp-json\/wp\/v2\/tags?post=610"}],"curies":[{"name":"wp","href":"https:\/\/api.w.org\/{rel}","templated":true}]}}