{"id":6036,"date":"2022-03-09T11:36:07","date_gmt":"2022-03-09T10:36:07","guid":{"rendered":"https:\/\/sucurriculum.com\/noticias\/?p=6036"},"modified":"2022-03-09T11:36:08","modified_gmt":"2022-03-09T10:36:08","slug":"la-emt-de-valencia-abre-una-bolsa-de-empleo","status":"publish","type":"post","link":"https:\/\/sucurriculum.com\/noticias\/la-emt-de-valencia-abre-una-bolsa-de-empleo\/","title":{"rendered":"La EMT de Valencia abre una bolsa de empleo"},"content":{"rendered":"\n<p>La Empresa Municipal de Transportes (EMT) va a lanzar una nueva bolsa de trabajo de cuarenta peones en Valencia para cubrir las necesidades del \u00e1rea t\u00e9cnica y \u00abseguir reforzando la plantilla\u00bb.<\/p>\n\n\n\n<p><strong>Del 7 al 18 de febrero, las personas interesadas podr\u00e1n enviar su solicitud a trav\u00e9s del portal destinado al proceso de bolsa.<\/strong> De las cuarenta plazas disponibles, se reservar\u00e1 un siete por ciento para personas con diversidad funcional igual o superior al 33% y otro cuarenta por ciento a mujeres, tal y como establece el Plan de Igualdad de la EMT, seg\u00fan ha indicado el consistorio en un comunicado.<\/p>\n\n\n\n<p>Adem\u00e1s, las personas que durante el \u00faltimo a\u00f1o se encuentren en situaci\u00f3n de desempleo, quedar\u00e1n exentas del pago de las tasas.<\/p>\n\n\n\n<p>Toda la informaci\u00f3n de esta convocatoria est\u00e1 disponible en <a href=\"https:\/\/www.emtvalencia.es\/ciudadano\/index.php?option=com_content&amp;view=category&amp;id=45&amp;Itemid=64&amp;lang=es\">la p\u00e1gina web de la EMT<\/a>.<\/p>\n\n\n\n<p>El presidente de la EMT, Giuseppe Grezzi, ha explicado que, en el contexto actual, es importante \u00abseguir apostando por la creaci\u00f3n de nuevos puestos de trabajo a fin de ofrecer un servicio p\u00fablico de m\u00e1xima calidad a la ciudadan\u00eda\u00bb.<\/p>\n\n\n\n<p>Grezzi ha remarcado que la direcci\u00f3n de la entidad \u00abest\u00e1 haciendo un gran esfuerzo por ampliar la plantilla, con diversos procesos de contrataci\u00f3n en marcha en diferentes \u00e1reas, especialmente en el personal de conducci\u00f3n y de ingenier\u00eda\u00bb.<\/p>\n\n\n\n<p>\u00abNo solo hemos rescatado una empresa en n\u00fameros rojos y al borde de la privatizaci\u00f3n, sino que nuestra gesti\u00f3n desde 2015 ha permitido mejorar el servicio p\u00fablico que presta la EMT, consolid\u00e1ndonos como l\u00edderes en la movilidad en la ciudad y como uno de los servicios municipales mejor valorados por la ciudadan\u00eda\u00bb, ha a\u00f1adido.<\/p>\n\n\n\n<h6 class=\"wp-block-heading\">Subida salarial<\/h6>\n\n\n\n<p>Por otra parte, la empresa municipal ha aplicado ya a todo el personal una subida salarial del dos por ciento para este a\u00f1o, un incremento m\u00e1ximo en las retribuciones contemplado en los Presupuestos Generales del Estado (PGE) y en el \u00faltimo convenio colectivo acordado por la direcci\u00f3n y los sindicatos.<\/p>\n\n\n\n<p>El aumento en la inversi\u00f3n en personal para 2022 tambi\u00e9n incluye la recuperaci\u00f3n salarial de la plantilla tras los recortes de 2012. Seg\u00fan ha afirmado Grezzi, \u00abeste mismo mes de enero hemos abonado parte del 8,66% que fue sustra\u00eddo a la plantilla en 2012. Entonces, la direcci\u00f3n de la empresa decidi\u00f3 recortar la n\u00f3mina a todo el personal junto a otras medidas de reducci\u00f3n de la masa salarial\u00bb.<\/p>\n","protected":false},"excerpt":{"rendered":"<p>La EMT va a lanzar una nueva bolsa de trabajo de cuarenta peones en Valencia para cubrir las necesidades del \u00e1rea t\u00e9cnica.<\/p>\n","protected":false},"author":2,"featured_media":6037,"comment_status":"open","ping_status":"open","sticky":false,"template":"","format":"standard","meta":{"footnotes":""},"categories":[65],"tags":[1214,137,3322,1748,993],"class_list":["post-6036","post","type-post","status-publish","format-standard","has-post-thumbnail","hentry","category-ofertas-de-empleo","tag-bolsa","tag-empleo","tag-emt","tag-peones","tag-valencia"],"amp_enabled":true,"_links":{"self":[{"href":"https:\/\/sucurriculum.com\/noticias\/wp-json\/wp\/v2\/posts\/6036","targetHints":{"allow":["GET"]}}],"collection":[{"href":"https:\/\/sucurriculum.com\/noticias\/wp-json\/wp\/v2\/posts"}],"about":[{"href":"https:\/\/sucurriculum.com\/noticias\/wp-json\/wp\/v2\/types\/post"}],"author":[{"embeddable":true,"href":"https:\/\/sucurriculum.com\/noticias\/wp-json\/wp\/v2\/users\/2"}],"replies":[{"embeddable":true,"href":"https:\/\/sucurriculum.com\/noticias\/wp-json\/wp\/v2\/comments?post=6036"}],"version-history":[{"count":1,"href":"https:\/\/sucurriculum.com\/noticias\/wp-json\/wp\/v2\/posts\/6036\/revisions"}],"predecessor-version":[{"id":6038,"href":"https:\/\/sucurriculum.com\/noticias\/wp-json\/wp\/v2\/posts\/6036\/revisions\/6038"}],"wp:featuredmedia":[{"embeddable":true,"href":"https:\/\/sucurriculum.com\/noticias\/wp-json\/wp\/v2\/media\/6037"}],"wp:attachment":[{"href":"https:\/\/sucurriculum.com\/noticias\/wp-json\/wp\/v2\/media?parent=6036"}],"wp:term":[{"taxonomy":"category","embeddable":true,"href":"https:\/\/sucurriculum.com\/noticias\/wp-json\/wp\/v2\/categories?post=6036"},{"taxonomy":"post_tag","embeddable":true,"href":"https:\/\/sucurriculum.com\/noticias\/wp-json\/wp\/v2\/tags?post=6036"}],"curies":[{"name":"wp","href":"https:\/\/api.w.org\/{rel}","templated":true}]}}