{"id":6033,"date":"2022-03-09T11:18:22","date_gmt":"2022-03-09T10:18:22","guid":{"rendered":"https:\/\/sucurriculum.com\/noticias\/?p=6033"},"modified":"2022-03-09T11:18:22","modified_gmt":"2022-03-09T10:18:22","slug":"practicas-gratis-contrato-seguro-y-alojamiento-a-12-euros-el-dia","status":"publish","type":"post","link":"https:\/\/sucurriculum.com\/noticias\/practicas-gratis-contrato-seguro-y-alojamiento-a-12-euros-el-dia\/","title":{"rendered":"Pr\u00e1cticas gratis, contrato seguro y alojamiento a 12 euros el d\u00eda"},"content":{"rendered":"\n<p>Las expectativas del turismo en Benidorm ahora que empiezan a bajar los contagios de la sexta ola del coronavirus apuntan tan alto que los restaurantes calculan que necesitan unos 3.500 camareros y en la asociaci\u00f3n Abreca se han lanzado a una campa\u00f1a de captaci\u00f3n de profesionales de toda Espa\u00f1a. Uno de sus reclamos m\u00e1s atractivos es el alojamiento a 12 euros por noche.<\/p>\n\n\n\n<p>Con 1.600 establecimientos que suelen contar con una plantilla de cinco trabajadores, pero que en temporada alta y muchos fines de semana tiene que ampliarse para atender la demanda, los socios de Abreca pueden ofrecer tambi\u00e9n pr\u00e1cticas gratuitas para dar cualificaci\u00f3n a profesionales que quieran entrar en el sector, sin experiencia anterior. Y, lo m\u00e1s importante, contrato laboral seguro.<\/p>\n\n\n\n<p>Durante esta larga crisis que va a llegar a los dos a\u00f1os en marzo, la m\u00e1s grave para el sector en toda su historia, parte del personal ha tenido que buscar otros trabajos. \u00abSe han ido muchos\u00bb, corrobora Alex Fratini, portavoz de Abreca, aunque ahora con las perspectivas de trabajo, conf\u00edan en recuperar mano de obra y empezar a resarcirse de las p\u00e9rdidas. El presidente de esta asociaci\u00f3n comarcal, Javier del Castillo, cifr\u00f3 la ca\u00edda de la facturaci\u00f3n en menos de la mitad en 24 meses, durante la presentac\u00f3n de esta campa\u00f1a con lanzamiento pr\u00f3ximanente de un portal de empleo propio, benijob.es.<\/p>\n\n\n\n<h6 class=\"wp-block-heading\">Estudia y trabaja en Benidorm<\/h6>\n\n\n\n<p>Esta bolsa de trabajo estacional y permanente para Benidorm y varios destinos tur\u00edsticos pr\u00f3ximos en la Costa Blanca alicantina gestionar\u00e1 tambi\u00e9n los cursos de formaci\u00f3n, las pr\u00e1cticas en la hosteler\u00eda y la estancia, el aspecto m\u00e1s novedoso. El lema empleado en la campa\u00f1a resume este esp\u00edritu de acogida: \u00abEstudia y trabaja en Benidorm\u00bb.<\/p>\n\n\n\n<p>Esas tarifas desde 12 euros al d\u00eda representan 360 euros mensuales, muy por debajo de los alquileres en la zona, que rondan los 700 euros para un apartamento de similares caracter\u00edsticas -varios dormitorios, con cocina, sal\u00f3n y algunos, terraza- a los ofertados a trav\u00e9s de las empresas asociadas a Aptur y otras con las que negocian los restaurantes de Abreca.<\/p>\n","protected":false},"excerpt":{"rendered":"<p>Benidorm cuenta con 1.600 establecimientos que suelen contar con una plantilla de cinco trabajadores y que en temporada alta y muchos fines de semana tienen que ampliarse.<\/p>\n","protected":false},"author":2,"featured_media":6034,"comment_status":"open","ping_status":"open","sticky":false,"template":"","format":"standard","meta":{"footnotes":""},"categories":[65],"tags":[1571,3321,2645,221,629,169],"class_list":["post-6033","post","type-post","status-publish","format-standard","has-post-thumbnail","hentry","category-ofertas-de-empleo","tag-1571","tag-benidorm","tag-camareros","tag-necesita","tag-puestos","tag-trabajo"],"amp_enabled":true,"_links":{"self":[{"href":"https:\/\/sucurriculum.com\/noticias\/wp-json\/wp\/v2\/posts\/6033","targetHints":{"allow":["GET"]}}],"collection":[{"href":"https:\/\/sucurriculum.com\/noticias\/wp-json\/wp\/v2\/posts"}],"about":[{"href":"https:\/\/sucurriculum.com\/noticias\/wp-json\/wp\/v2\/types\/post"}],"author":[{"embeddable":true,"href":"https:\/\/sucurriculum.com\/noticias\/wp-json\/wp\/v2\/users\/2"}],"replies":[{"embeddable":true,"href":"https:\/\/sucurriculum.com\/noticias\/wp-json\/wp\/v2\/comments?post=6033"}],"version-history":[{"count":1,"href":"https:\/\/sucurriculum.com\/noticias\/wp-json\/wp\/v2\/posts\/6033\/revisions"}],"predecessor-version":[{"id":6035,"href":"https:\/\/sucurriculum.com\/noticias\/wp-json\/wp\/v2\/posts\/6033\/revisions\/6035"}],"wp:featuredmedia":[{"embeddable":true,"href":"https:\/\/sucurriculum.com\/noticias\/wp-json\/wp\/v2\/media\/6034"}],"wp:attachment":[{"href":"https:\/\/sucurriculum.com\/noticias\/wp-json\/wp\/v2\/media?parent=6033"}],"wp:term":[{"taxonomy":"category","embeddable":true,"href":"https:\/\/sucurriculum.com\/noticias\/wp-json\/wp\/v2\/categories?post=6033"},{"taxonomy":"post_tag","embeddable":true,"href":"https:\/\/sucurriculum.com\/noticias\/wp-json\/wp\/v2\/tags?post=6033"}],"curies":[{"name":"wp","href":"https:\/\/api.w.org\/{rel}","templated":true}]}}