{"id":6029,"date":"2022-03-09T10:23:00","date_gmt":"2022-03-09T09:23:00","guid":{"rendered":"https:\/\/sucurriculum.com\/noticias\/?p=6029"},"modified":"2022-03-09T10:23:47","modified_gmt":"2022-03-09T09:23:47","slug":"arranca-la-obra-de-way-caceres","status":"publish","type":"post","link":"https:\/\/sucurriculum.com\/noticias\/arranca-la-obra-de-way-caceres\/","title":{"rendered":"Arranca la obra de Way C\u00e1ceres"},"content":{"rendered":"\n<p>Maquinaria pesada en los terrenos del antiguo matadero. Tras varios proyectos fallidos y d\u00e9cadas de espera, la parcela anexa al Carrefour ha cambiado la imagen de soledad y abandono de los \u00faltimos a\u00f1os por otra de mayor actividad. Ya han arrancado los trabajos de urbanizaci\u00f3n y construcci\u00f3n de la infraestructura del que ser\u00e1 el centro comercial y de ocio Way C\u00e1ceres, promovido por Kronos.<\/p>\n\n\n\n<p>La inversi\u00f3n se estima en 35 millones de euros. Est\u00e1 situado a la entrada a la capital cacere\u00f1a por la carretera N-521, con acceso desde la autov\u00eda de la Plata, A-66. \u00abSer\u00e1 un espacio de nueva generaci\u00f3n que apuesta por el dise\u00f1o, la sostenibilidad y la innovaci\u00f3n\u00bb, resaltan los promotores, a consultas de HOY. Kronos incide en la importancia que tiene la ubicaci\u00f3n elegida. El futuro parque tendr\u00e1 un mercado potencial que supera los 160.000 consumidores en la capital y su \u00e1rea de influencia.<\/p>\n\n\n\n<p>La mercantil, que adquiri\u00f3 los terrenos por 2,7 millones de euros a la Sociedad de Gesti\u00f3n de Activos Procedentes de la Reestructuraci\u00f3n Bancaria (Sareb), ha encargado la obra al Grupo Santano. Ejecuci\u00f3n de accesos, demoliciones y acometidas son los primeros trabajos.<\/p>\n\n\n\n<p>Asfaltos y Aglomerados Santano (Aglosan) es una de las constructoras m\u00e1s conocidas en la provincia. En la capital ha llevado a cabo intervenciones destacadas como el vial de C\u00e1ceres el Viejo o m\u00e1s recientemente las remodelaciones de la calle Viena y la avenida Virgen de Guadalupe.<\/p>\n\n\n\n<p>La previsi\u00f3n del inicio de la obra se ha cumplido. A finales de 2021 ya se anunci\u00f3 para este primer trimestre de a\u00f1o. Kronos tambi\u00e9n ha avanzado algunos nombres de firmas que se establecer\u00e1n en C\u00e1ceres, entre ellas Decathlon, con 3.000 metros cuadrados. La apertura del centro de ocio y comercial est\u00e1 prevista para la primavera de 2023.<\/p>\n\n\n\n<p>Se generar\u00e1n unos 500 empleos. La promotora asegura que que el centro supondr\u00e1 una\u00bb fuerte apuesta por el dise\u00f1o, la sostenibilidad y la innovaci\u00f3n\u00bb.<\/p>\n\n\n\n<p>Way C\u00e1ceres es el tercer proyecto de esta marca en Espa\u00f1a. Ya se abri\u00f3 hace dos a\u00f1os Way Dos Hermanas. Way Orense, que se encuentra en desarrollo. Las tres apuestas comerciales de esta sociedad inversora fundada en 2014 suponen unos 120 millones de euros.<\/p>\n\n\n\n<p>Gestora y promotora inmobiliaria, Kronos cuenta con presencia en Espa\u00f1a y Portugal. Su actividad se centra en la promoci\u00f3n residencial para venta. En ese campo opera con la marca Kronos Home. Stay es su sello en promoci\u00f3n residencial para alquiler y Way su firma para parques comerciales. Presenta una cartera con m\u00e1s de 16.000 millones de euros en transacciones inmobiliarias. No obstante, el pasado mes de junio en una visita a C\u00e1ceres para presentar Way C\u00e1ceres en el Ayuntamiento Sa\u00efd Hejal, socio fundador de Kronos, descart\u00f3 de entrada la construcci\u00f3n de viviendas en C\u00e1ceres.<\/p>\n","protected":false},"excerpt":{"rendered":"<p>La inversi\u00f3n se estima en 35 millones de euros y se generar\u00e1n 500 empleos.<\/p>\n","protected":false},"author":2,"featured_media":6030,"comment_status":"open","ping_status":"open","sticky":false,"template":"","format":"standard","meta":{"footnotes":""},"categories":[65],"tags":[1709,207,1140,95,957,40,3320],"class_list":["post-6029","post","type-post","status-publish","format-standard","has-post-thumbnail","hentry","category-ofertas-de-empleo","tag-1709","tag-207","tag-caceres","tag-empleos","tag-inversion","tag-millones","tag-way"],"amp_enabled":true,"_links":{"self":[{"href":"https:\/\/sucurriculum.com\/noticias\/wp-json\/wp\/v2\/posts\/6029","targetHints":{"allow":["GET"]}}],"collection":[{"href":"https:\/\/sucurriculum.com\/noticias\/wp-json\/wp\/v2\/posts"}],"about":[{"href":"https:\/\/sucurriculum.com\/noticias\/wp-json\/wp\/v2\/types\/post"}],"author":[{"embeddable":true,"href":"https:\/\/sucurriculum.com\/noticias\/wp-json\/wp\/v2\/users\/2"}],"replies":[{"embeddable":true,"href":"https:\/\/sucurriculum.com\/noticias\/wp-json\/wp\/v2\/comments?post=6029"}],"version-history":[{"count":2,"href":"https:\/\/sucurriculum.com\/noticias\/wp-json\/wp\/v2\/posts\/6029\/revisions"}],"predecessor-version":[{"id":6032,"href":"https:\/\/sucurriculum.com\/noticias\/wp-json\/wp\/v2\/posts\/6029\/revisions\/6032"}],"wp:featuredmedia":[{"embeddable":true,"href":"https:\/\/sucurriculum.com\/noticias\/wp-json\/wp\/v2\/media\/6030"}],"wp:attachment":[{"href":"https:\/\/sucurriculum.com\/noticias\/wp-json\/wp\/v2\/media?parent=6029"}],"wp:term":[{"taxonomy":"category","embeddable":true,"href":"https:\/\/sucurriculum.com\/noticias\/wp-json\/wp\/v2\/categories?post=6029"},{"taxonomy":"post_tag","embeddable":true,"href":"https:\/\/sucurriculum.com\/noticias\/wp-json\/wp\/v2\/tags?post=6029"}],"curies":[{"name":"wp","href":"https:\/\/api.w.org\/{rel}","templated":true}]}}