{"id":6024,"date":"2022-03-08T10:39:46","date_gmt":"2022-03-08T09:39:46","guid":{"rendered":"https:\/\/sucurriculum.com\/noticias\/?p=6024"},"modified":"2022-03-08T10:39:47","modified_gmt":"2022-03-08T09:39:47","slug":"la-nueva-residencia-de-ciudad-real-en-el-quijote-azteca-creara-100-empleos","status":"publish","type":"post","link":"https:\/\/sucurriculum.com\/noticias\/la-nueva-residencia-de-ciudad-real-en-el-quijote-azteca-creara-100-empleos\/","title":{"rendered":"La nueva residencia de Ciudad Real en El Quijote Azteca crear\u00e1 100 empleos"},"content":{"rendered":"\n<p>La directora general de Amavir, Lourdes Rivera, ha subrayado este martes que la nueva residencia que la compa\u00f1\u00eda est\u00e1 construyendo en Ciudad Real, en la explanada del Quijote Azteca, tendr\u00e1 158 plazas y crear\u00e1 un centenar de puestos de trabajo.<\/p>\n\n\n\n<p>Rivera se ha reunido con la alcaldesa de Ciudad Real, Eva Mar\u00eda Mas\u00edas, para presentarle el proyecto de la nueva residencia. El centro, que se ubica en la explanada del Quijote Azteca, se encuentra actualmente en la \u00faltima fase de construcci\u00f3n. Est\u00e1 previsto que las obras, ejecutadas por la empresa ALFER, concluyan antes del verano. Empezar\u00e1 entonces el equipamiento de la residencia, por lo que se estima que la apertura podr\u00eda hacerse efectiva en torno al mes de septiembre.<\/p>\n\n\n\n<p>El centro se estructura en planta baja y cuatro plantas. En planta baja estar\u00e1 ubicada la recepci\u00f3n y despachos de direcci\u00f3n y administraci\u00f3n. La primera planta incluir\u00e1 las salas de fisioterapia y terapia ocupacional, despachos m\u00e9dicos y de enfermer\u00eda, zonas de convivencia y cafeter\u00eda, peluquer\u00eda, lavander\u00eda y cocina, as\u00ed como el m\u00f3dulo para personas con Alzheimer. Las plantas segunda, tercera y cuarta incluir\u00e1n el resto de habitaciones, que se reparten en distintas unidades de convivencia independientes, con su propia sala de estar y comedor.<\/p>\n\n\n\n<p>Con esta estructura se busca que en cada unidad vivan personas con unas condiciones de salud o caracter\u00edsticas similares, lo que facilita una mejor adaptaci\u00f3n y atenci\u00f3n por parte de los profesionales y un seguimiento m\u00e1s personalizado. Todas las habitaciones contar\u00e1n con su propia dotaci\u00f3n de mobiliario adaptado y ba\u00f1o geri\u00e1trico, pero podr\u00e1n ser decoradas a gusto de los residentes con sus enseres personales si as\u00ed lo desean. La residencia dispondr\u00e1 tambi\u00e9n de terrazas en cada planta y de una gran terraza en la azotea para disfrute de residentes y familiares.<\/p>\n\n\n\n<p>Se ofrecer\u00e1n estancias permanentes y tambi\u00e9n estancias temporales (respiro para familiares, convalecencia, rehabilitaci\u00f3n\u2026).<\/p>\n\n\n\n<h6 class=\"wp-block-heading\">Fomento del empleo local y compromiso social<\/h6>\n\n\n\n<p>La plantilla de la residencia estar\u00e1 formada por unos 95 profesionales de muy distintos \u00e1mbitos para ofrecer una atenci\u00f3n integral a los usuarios: medicina, enfermer\u00eda, trabajo social, terapia ocupacional, psicolog\u00eda, fisioterapia, animaci\u00f3n sociocultural, personal gerocultor, limpieza, lavander\u00eda, cocina, mantenimiento, recepci\u00f3n\u2026<\/p>\n\n\n\n<p>La directora general de Amavir ha mostrado a la alcaldesa su disposici\u00f3n a colaborar con el ayuntamiento para los procesos de contrataci\u00f3n, en sinton\u00eda con la pol\u00edtica de la empresa de fomentar el empleo local y el de personas con discapacidad y en riesgo de exclusi\u00f3n social. Tambi\u00e9n se ha ofrecido para colaborar en actividades formativas y para la realizaci\u00f3n de pr\u00e1cticas en la residencia de alumnos de los cursos que lleve a cabo el ayuntamiento.<\/p>\n\n\n\n<h2 class=\"wp-block-heading\">Expansi\u00f3n en Ciudad Real y en Castilla-La Mancha<\/h2>\n\n\n\n<p>Amavir es una de las compa\u00f1\u00edas l\u00edderes en Espa\u00f1a en la atenci\u00f3n a personas mayores y dependientes, con 42 residencias en 7 Comunidades Aut\u00f3nomas, unas 8.000 plazas entre residenciales y de centro de d\u00eda y una plantilla de 4.500 profesionales. Forma parte del Grupo Maisons de Famille, una corporaci\u00f3n familiar que es uno de los operadores l\u00edderes en Europa en este sector, con presencia en Francia, Italia, Alemania y Espa\u00f1a.<\/p>\n\n\n\n<p>Amavir Ciudad Real ser\u00e1 la sexta residencia de la compa\u00f1\u00eda en Castilla-La Mancha. En la actualidad gestiona ya una en la provincia de Ciudad Real (Residencia Don Quijote, en Tomelloso), adem\u00e1s de dos en Guadalajara, una en Albacete y una en Cuenca.<\/p>\n","protected":false},"excerpt":{"rendered":"<p>La directora de Amavir, Lourdes Rivera, ha subrayado que la nueva residencia de Ciudad Real tendr\u00e1 158 plazas y crear\u00e1 un centenar de empleos.<\/p>\n","protected":false},"author":2,"featured_media":6027,"comment_status":"open","ping_status":"open","sticky":false,"template":"","format":"standard","meta":{"footnotes":""},"categories":[65],"tags":[130,3277,2225,95,445,3276,132,167],"class_list":["post-6024","post","type-post","status-publish","format-standard","has-post-thumbnail","hentry","category-ofertas-de-empleo","tag-130","tag-azteca","tag-ciudad","tag-empleos","tag-nueva","tag-quijote","tag-real","tag-residencia"],"amp_enabled":true,"_links":{"self":[{"href":"https:\/\/sucurriculum.com\/noticias\/wp-json\/wp\/v2\/posts\/6024","targetHints":{"allow":["GET"]}}],"collection":[{"href":"https:\/\/sucurriculum.com\/noticias\/wp-json\/wp\/v2\/posts"}],"about":[{"href":"https:\/\/sucurriculum.com\/noticias\/wp-json\/wp\/v2\/types\/post"}],"author":[{"embeddable":true,"href":"https:\/\/sucurriculum.com\/noticias\/wp-json\/wp\/v2\/users\/2"}],"replies":[{"embeddable":true,"href":"https:\/\/sucurriculum.com\/noticias\/wp-json\/wp\/v2\/comments?post=6024"}],"version-history":[{"count":1,"href":"https:\/\/sucurriculum.com\/noticias\/wp-json\/wp\/v2\/posts\/6024\/revisions"}],"predecessor-version":[{"id":6028,"href":"https:\/\/sucurriculum.com\/noticias\/wp-json\/wp\/v2\/posts\/6024\/revisions\/6028"}],"wp:featuredmedia":[{"embeddable":true,"href":"https:\/\/sucurriculum.com\/noticias\/wp-json\/wp\/v2\/media\/6027"}],"wp:attachment":[{"href":"https:\/\/sucurriculum.com\/noticias\/wp-json\/wp\/v2\/media?parent=6024"}],"wp:term":[{"taxonomy":"category","embeddable":true,"href":"https:\/\/sucurriculum.com\/noticias\/wp-json\/wp\/v2\/categories?post=6024"},{"taxonomy":"post_tag","embeddable":true,"href":"https:\/\/sucurriculum.com\/noticias\/wp-json\/wp\/v2\/tags?post=6024"}],"curies":[{"name":"wp","href":"https:\/\/api.w.org\/{rel}","templated":true}]}}