{"id":5973,"date":"2022-03-02T10:25:38","date_gmt":"2022-03-02T09:25:38","guid":{"rendered":"https:\/\/sucurriculum.com\/noticias\/?p=5973"},"modified":"2022-03-02T10:25:39","modified_gmt":"2022-03-02T09:25:39","slug":"el-paro-baja-en-11-394-personas","status":"publish","type":"post","link":"https:\/\/sucurriculum.com\/noticias\/el-paro-baja-en-11-394-personas\/","title":{"rendered":"El paro baja en 11.394 personas"},"content":{"rendered":"\n<p>El n\u00famero de desempleados y desempleadas registradas en las Oficinas del Servicios P\u00fablico de Empleo, al finalizar el mes de febrero, ha descendido en 11.394 personas (-0,36%) en relaci\u00f3n con el mes anterior. Es la mayor bajada en un mes de febrero desde el a\u00f1o 2015.<\/p>\n\n\n\n<p>El paro registrado se ha situado en 3.111.684 personas. Respecto a febrero de 2021, el paro ha descendido en 897.105 personas (-22,38%). Es la mayor bajada interanual de la serie hist\u00f3rica. En t\u00e9rminos desestacionalizados, el paro registrado se reduce en 35.734 personas.<\/p>\n\n\n\n<h6 class=\"wp-block-heading\">Contrataci\u00f3n<\/h6>\n\n\n\n<p>El n\u00famero total de contratos registrados durante el mes de febrero ha sido de 1.444.057, de ellos 316.841 son contratos de trabajo de car\u00e1cter indefinido.<\/p>\n\n\n\n<p>El n\u00famero de afiliados a la Seguridad Social en t\u00e9rminos desestacionalizados se situ\u00f3 en 19.934.481 personas en febrero, tras aumentar en el \u00faltimo mes en 37.726 respecto al mes anterior (un 0,19% m\u00e1s). Es el d\u00e9cimo mes consecutivo en el que aumenta la afiliaci\u00f3n a la Seguridad Social. En ese periodo, iniciado en mayo de 2021, se han creado m\u00e1s de 905.000 empleos y se ha consolidado la tendencia de crecimiento de antes de la pandemia.<\/p>\n\n\n\n<p>El dato de febrero supone el nivel de afiliaci\u00f3n m\u00e1s alto registrado de la serie y supera en 448.617 personas la cifra de ocupados de febrero de 2020, mes previo al inicio de la crisis sanitaria de la COVID-19. Incluso descontando los trabajadores en ERTE o aut\u00f3nomos con prestaciones extraordinarias, se supera en m\u00e1s de 300.000 personas el nivel de empleo de febrero de 2020, antes del inicio de la crisis sanitaria.<\/p>\n\n\n\n<p>El n\u00famero de trabajadores protegidos por ERTE vinculados a la COVID-19, procedentes de alguna de las modalidades de ERTE puestas en marcha durante la pandemia, ha cerrado febrero de 2022 en 101.736 personas, manteniendo la estabilidad de los \u00faltimos meses y con un descenso de m\u00e1s de 33.000 personas respecto al 31 de octubre, cuando se pusieron en marcha las nuevas modalidades de ERTE-COVID.<\/p>\n","protected":false},"excerpt":{"rendered":"<p>El paro ha descendido en 11.394 personas (-0,36%) en relaci\u00f3n con el mes anterior. <\/p>\n","protected":false},"author":2,"featured_media":5974,"comment_status":"open","ping_status":"open","sticky":false,"template":"","format":"standard","meta":{"footnotes":""},"categories":[2],"tags":[3220,1871,2305,28,31,264],"class_list":["post-5973","post","type-post","status-publish","format-standard","has-post-thumbnail","hentry","category-noticias","tag-3220","tag-baja","tag-febrero","tag-mes","tag-paro","tag-personas"],"amp_enabled":true,"_links":{"self":[{"href":"https:\/\/sucurriculum.com\/noticias\/wp-json\/wp\/v2\/posts\/5973","targetHints":{"allow":["GET"]}}],"collection":[{"href":"https:\/\/sucurriculum.com\/noticias\/wp-json\/wp\/v2\/posts"}],"about":[{"href":"https:\/\/sucurriculum.com\/noticias\/wp-json\/wp\/v2\/types\/post"}],"author":[{"embeddable":true,"href":"https:\/\/sucurriculum.com\/noticias\/wp-json\/wp\/v2\/users\/2"}],"replies":[{"embeddable":true,"href":"https:\/\/sucurriculum.com\/noticias\/wp-json\/wp\/v2\/comments?post=5973"}],"version-history":[{"count":1,"href":"https:\/\/sucurriculum.com\/noticias\/wp-json\/wp\/v2\/posts\/5973\/revisions"}],"predecessor-version":[{"id":5975,"href":"https:\/\/sucurriculum.com\/noticias\/wp-json\/wp\/v2\/posts\/5973\/revisions\/5975"}],"wp:featuredmedia":[{"embeddable":true,"href":"https:\/\/sucurriculum.com\/noticias\/wp-json\/wp\/v2\/media\/5974"}],"wp:attachment":[{"href":"https:\/\/sucurriculum.com\/noticias\/wp-json\/wp\/v2\/media?parent=5973"}],"wp:term":[{"taxonomy":"category","embeddable":true,"href":"https:\/\/sucurriculum.com\/noticias\/wp-json\/wp\/v2\/categories?post=5973"},{"taxonomy":"post_tag","embeddable":true,"href":"https:\/\/sucurriculum.com\/noticias\/wp-json\/wp\/v2\/tags?post=5973"}],"curies":[{"name":"wp","href":"https:\/\/api.w.org\/{rel}","templated":true}]}}