{"id":5970,"date":"2022-03-01T10:36:35","date_gmt":"2022-03-01T09:36:35","guid":{"rendered":"https:\/\/sucurriculum.com\/noticias\/?p=5970"},"modified":"2022-03-01T10:36:35","modified_gmt":"2022-03-01T09:36:35","slug":"cuanto-se-cobra-al-dia-con-el-nuevo-salario-minimo-interprofesional","status":"publish","type":"post","link":"https:\/\/sucurriculum.com\/noticias\/cuanto-se-cobra-al-dia-con-el-nuevo-salario-minimo-interprofesional\/","title":{"rendered":"Cu\u00e1nto se cobra al d\u00eda con el nuevo salario m\u00ednimo interprofesional"},"content":{"rendered":"\n<p>El mi\u00e9rcoles 23 de febrero se public\u00f3 en el Bolet\u00edn Oficial del Estado (BOE) el Real Decreto 152\/2022, de 22 de febrero, por el que se fija el salario m\u00ednimo interprofesional para 2022. As\u00ed, el Consejo de Ministros aprobaba la subida a 1.000 euros mensuales tras un acuerdo entre el Gobierno central y los sindicatos, pero sin el apoyo favorable de la patronal.<\/p>\n\n\n\n<p>Tras la subida, ning\u00fan trabajador a tiempo completo podr\u00e1 percibir menos de 1.000 euros brutos mensuales en 14 pagas como salario, esto es, 14.000 euros brutos a\u00f1o. Se trata de una subida del 3,6% con respecto al anterior salario m\u00ednimo, que estaba en 965 euros mensuales desde la \u00faltima subida en septiembre de 2021.<\/p>\n\n\n\n<h6 class=\"wp-block-heading\">\u00bfC\u00f3mo se calcula el salario m\u00ednimo?<\/h6>\n\n\n\n<p><strong>El salario m\u00ednimo es para cualquier actividad del sector de la agricultura, de la industria o servicios y queda fijado ahora a 33,33 euros al d\u00eda.<\/strong> \u00abEn el salario m\u00ednimo se computa \u00fanicamente la retribuci\u00f3n en dinero, sin que el salario en especie pueda, en ning\u00fan caso, dar lugar a la minoraci\u00f3n de la cuant\u00eda \u00edntegra en dinero de aquel\u00bb, explica el Ministerio de Trabajo en un comunicado.<\/p>\n\n\n\n<p>Asimismo, este salario m\u00ednimo se refiere a la jornada legal de trabajo en cada actividad econ\u00f3mica, pero no incluye la parte proporcional si se trabaja en domingos o en d\u00edas festivos. \u00abSi se realizase jornada inferior se percibir\u00e1 a prorrata y para la aplicaci\u00f3n en c\u00f3mputo anual del salario m\u00ednimo se tendr\u00e1n en cuenta las reglas sobre compensaci\u00f3n que se establecen en los art\u00edculos siguientes\u00bb, a\u00f1ade.<\/p>\n","protected":false},"excerpt":{"rendered":"<p>Tras la subida, ning\u00fan trabajador a tiempo completo podr\u00e1 percibir menos de 1.000 euros brutos mensuales en 14 pagas.<\/p>\n","protected":false},"author":2,"featured_media":5971,"comment_status":"open","ping_status":"open","sticky":false,"template":"","format":"standard","meta":{"footnotes":""},"categories":[66],"tags":[286,1582,89,2525,245,3219,972],"class_list":["post-5970","post","type-post","status-publish","format-standard","has-post-thumbnail","hentry","category-noticias-actualidad","tag-cobra","tag-cuanto","tag-dia","tag-interprofesional","tag-minimo","tag-nevo","tag-salario"],"amp_enabled":true,"_links":{"self":[{"href":"https:\/\/sucurriculum.com\/noticias\/wp-json\/wp\/v2\/posts\/5970","targetHints":{"allow":["GET"]}}],"collection":[{"href":"https:\/\/sucurriculum.com\/noticias\/wp-json\/wp\/v2\/posts"}],"about":[{"href":"https:\/\/sucurriculum.com\/noticias\/wp-json\/wp\/v2\/types\/post"}],"author":[{"embeddable":true,"href":"https:\/\/sucurriculum.com\/noticias\/wp-json\/wp\/v2\/users\/2"}],"replies":[{"embeddable":true,"href":"https:\/\/sucurriculum.com\/noticias\/wp-json\/wp\/v2\/comments?post=5970"}],"version-history":[{"count":1,"href":"https:\/\/sucurriculum.com\/noticias\/wp-json\/wp\/v2\/posts\/5970\/revisions"}],"predecessor-version":[{"id":5972,"href":"https:\/\/sucurriculum.com\/noticias\/wp-json\/wp\/v2\/posts\/5970\/revisions\/5972"}],"wp:featuredmedia":[{"embeddable":true,"href":"https:\/\/sucurriculum.com\/noticias\/wp-json\/wp\/v2\/media\/5971"}],"wp:attachment":[{"href":"https:\/\/sucurriculum.com\/noticias\/wp-json\/wp\/v2\/media?parent=5970"}],"wp:term":[{"taxonomy":"category","embeddable":true,"href":"https:\/\/sucurriculum.com\/noticias\/wp-json\/wp\/v2\/categories?post=5970"},{"taxonomy":"post_tag","embeddable":true,"href":"https:\/\/sucurriculum.com\/noticias\/wp-json\/wp\/v2\/tags?post=5970"}],"curies":[{"name":"wp","href":"https:\/\/api.w.org\/{rel}","templated":true}]}}