{"id":5936,"date":"2022-02-23T11:25:49","date_gmt":"2022-02-23T10:25:49","guid":{"rendered":"https:\/\/sucurriculum.com\/noticias\/?p=5936"},"modified":"2022-02-23T11:25:49","modified_gmt":"2022-02-23T10:25:49","slug":"sanchez-valora-el-fin-de-la-mascarilla-en-interiores","status":"publish","type":"post","link":"https:\/\/sucurriculum.com\/noticias\/sanchez-valora-el-fin-de-la-mascarilla-en-interiores\/","title":{"rendered":"S\u00e1nchez valora el fin de la mascarilla en interiores"},"content":{"rendered":"\n<p>Aunque no ha planteado ninguna fecha ni tan siquiera aproximada, el presidente del Gobierno, Pedro S\u00e1nchez considera que \u00abse da la condici\u00f3n necesaria\u201d para plantear el abandono de las mascarillas en interiores.<\/p>\n\n\n\n<p>S\u00e1nchez ha realizado estas afirmaciones en La Moncloa, tras su reuni\u00f3n con la primera ministra de Dinamarca, Mette Frederiksen, un pa\u00eds que este mismo mes de febrero ha levantado ese tipo de restricciones. Seg\u00fan explica el mandatario espa\u00f1ol, \u201cla ampl\u00edsima\u201d cobertura vacunal invita a este debate, que se deber\u00e1 abordar en el Consejo Interterritorial del SNS y con criterios cient\u00edficos. En ese sentido, S\u00e1nchez asegura que con un 91% de la poblaci\u00f3n con pauta completa y casi un 50% con la dosis de refuerzo (algo superiores, por cierto a los de Dinamarca, que seg\u00fan el ECDC son del 81,7% u el 62%)<\/p>\n\n\n\n<p>De producirse el debate, en una fecha a\u00fan por determinar, Espa\u00f1a se unir\u00eda a los pa\u00edses que ya han dicho adi\u00f3s a las mascarillas en interiores y entre los que est\u00e1n, adem\u00e1s de Dinamarca, otros como Suecia y Reino Unido. Francia tiene ya fecha para su abandono, el 28 de febrero y Polonia ha asegurado que lo realizar\u00e1 en marzo.<\/p>\n\n\n\n<p>Con todo, en nuestro pa\u00eds esa decisi\u00f3n, deber\u00e1 corresponder seg\u00fan el presidente adem\u00e1s de al CISNS, a los expertos cient\u00edficos, cuyas opiniones resultan a\u00fan dispares, aunque existe un consenso para para plantear la medida a partir de la consolidaci\u00f3n de la Incidencia Acumulada a 14 d\u00edas entorno a los 100-50 casos por 100.000 habitantes. En estos momentos est\u00e1 en 786 casos.<\/p>\n\n\n\n<h6 class=\"wp-block-heading\">Conferencia de presidentes<\/h6>\n\n\n\n<p>El uso de la mascarilla en interiores es uno de los temas que plantean en el marco de la Conferencia de Presidentes que se va a celebrar esta semana en La Palma.<\/p>\n\n\n\n<p>Los gobiernos auton\u00f3micos en esta cuesti\u00f3n tampoco mantienen una opini\u00f3n un\u00e1nime sobre esta cuesti\u00f3n, que forma parte de la vida cotidiana de todos los espa\u00f1oles desde hace dos a\u00f1os.<\/p>\n","protected":false},"excerpt":{"rendered":"<p>El presidente del Gobierno, Pedro S\u00e1nchez considera que se da la condici\u00f3n necesaria para plantear el abandono de las mascarillas en interiores.<\/p>\n","protected":false},"author":2,"featured_media":5937,"comment_status":"open","ping_status":"open","sticky":false,"template":"","format":"standard","meta":{"footnotes":""},"categories":[66],"tags":[170,3198,191,107,3197],"class_list":["post-5936","post","type-post","status-publish","format-standard","has-post-thumbnail","hentry","category-noticias-actualidad","tag-fin","tag-interiores","tag-mascarilla","tag-sanchez","tag-valora"],"amp_enabled":true,"_links":{"self":[{"href":"https:\/\/sucurriculum.com\/noticias\/wp-json\/wp\/v2\/posts\/5936","targetHints":{"allow":["GET"]}}],"collection":[{"href":"https:\/\/sucurriculum.com\/noticias\/wp-json\/wp\/v2\/posts"}],"about":[{"href":"https:\/\/sucurriculum.com\/noticias\/wp-json\/wp\/v2\/types\/post"}],"author":[{"embeddable":true,"href":"https:\/\/sucurriculum.com\/noticias\/wp-json\/wp\/v2\/users\/2"}],"replies":[{"embeddable":true,"href":"https:\/\/sucurriculum.com\/noticias\/wp-json\/wp\/v2\/comments?post=5936"}],"version-history":[{"count":1,"href":"https:\/\/sucurriculum.com\/noticias\/wp-json\/wp\/v2\/posts\/5936\/revisions"}],"predecessor-version":[{"id":5938,"href":"https:\/\/sucurriculum.com\/noticias\/wp-json\/wp\/v2\/posts\/5936\/revisions\/5938"}],"wp:featuredmedia":[{"embeddable":true,"href":"https:\/\/sucurriculum.com\/noticias\/wp-json\/wp\/v2\/media\/5937"}],"wp:attachment":[{"href":"https:\/\/sucurriculum.com\/noticias\/wp-json\/wp\/v2\/media?parent=5936"}],"wp:term":[{"taxonomy":"category","embeddable":true,"href":"https:\/\/sucurriculum.com\/noticias\/wp-json\/wp\/v2\/categories?post=5936"},{"taxonomy":"post_tag","embeddable":true,"href":"https:\/\/sucurriculum.com\/noticias\/wp-json\/wp\/v2\/tags?post=5936"}],"curies":[{"name":"wp","href":"https:\/\/api.w.org\/{rel}","templated":true}]}}