{"id":5807,"date":"2022-02-07T16:52:51","date_gmt":"2022-02-07T15:52:51","guid":{"rendered":"https:\/\/sucurriculum.com\/noticias\/?p=5807"},"modified":"2022-02-07T16:52:52","modified_gmt":"2022-02-07T15:52:52","slug":"el-gobierno-propone-elevar-35-euros-el-salario-minimo-hasta-los-1-000-euros","status":"publish","type":"post","link":"https:\/\/sucurriculum.com\/noticias\/el-gobierno-propone-elevar-35-euros-el-salario-minimo-hasta-los-1-000-euros\/","title":{"rendered":"El Gobierno propone elevar 35 euros el salario m\u00ednimo, hasta los 1.000 euros"},"content":{"rendered":"\n<p>El Ministerio de Trabajo y Econom\u00eda Social que dirige la vicepresidenta segunda, Yolanda D\u00edaz, ha propuesto este lunes a los agentes sociales subir el salario m\u00ednimo interprofesional (SMI) hasta los 1.000 euros mensuales en 2022, 35 euros por encima de los 965 en los que se encuentra ahora.<\/p>\n\n\n\n<p>La secretaria de Acci\u00f3n Sindical de CCOO, Mari Cruz Vicente, avanz\u00f3 en un primer momento que la subida propuesta por Trabajo era de 31 euros m\u00e1s, hasta los 996, sin embargo, desde el Ministerio han aclarado a este medio que el Gobierno ha propuesto un alza de 35 euros, lo que elevar\u00eda el SMI a los 1.000 euros que solicitaban los sindicatos. La correcci\u00f3n es importante porque marca la diferencia entre &#8216;cumplir&#8217; con las pretensiones de los sindicatos y no hacerlo.<\/p>\n\n\n\n<p>Una vez recibida la propuesta, sindicatos y empresarios se han dado hasta el mi\u00e9rcoles para consultar y debatir la oferta del Ministerio en sus respectivos \u00f3rganos de direcci\u00f3n. Ese d\u00eda, a las 17:00 horas se celebrar\u00e1 una nueva reuni\u00f3n que concluir\u00e1 con o sin acuerdo.<\/p>\n\n\n\n<p>D\u00edaz convoc\u00f3 a finales de enero una reuni\u00f3n para este lunes entre el Ministerio de Trabajo y Econom\u00eda Social que dirige y patronal y sindicatos para intentar acordar una nueva subida del salario m\u00ednimo, actualmente en 965 euros. Aunque era de car\u00e1cter t\u00e9cnico y no estaban llamados los &#8216;primeros espadas&#8217; a la mesa, D\u00edaz ha presidido la reuni\u00f3n y ha informado de la misma en una rueda de prensa posterior.<\/p>\n\n\n\n<h6 class=\"wp-block-heading\" id=\"la-exigencia-de-los-sindicatos\">La exigencia de los sindicatos<\/h6>\n\n\n\n<p>Tanto CCOO como UGT acud\u00edan con una exigencia: que el SMI llegara a los 1.000 euros. \u00abVoy a escuchar todas las posiciones. Los sindicatos siempre quieren m\u00e1s y los empresarios, menos. Yo hago un poco de equilibrio entre las partes\u00bb, ha se\u00f1alado. D\u00edaz evit\u00f3 confirmar la propuesta con la que acudi\u00f3 a la mesa \u00abpor respeto a la negociaci\u00f3n\u00bb pero finalmente el Ministerio tuvo que desvelarla ante el error de CCOO. Lo que s\u00ed reiter\u00f3 D\u00edaz ante los medios fue que le gustar\u00eda que alcanzara los 1.000 euros.<\/p>\n\n\n\n<p>Este mismo lunes, mientras se manten\u00eda la reuni\u00f3n, Pepe \u00c1lvarez, secretario general de UGT, descart\u00f3 la posibilidad de un escenario que no alcanzara ese importe, e incluso dese\u00f3 que fuera ma\u00f1ana mismo al Consejo de Ministros. Habr\u00e1 que esperar a la reuni\u00f3n del mi\u00e9rcoles para saber si el alza ser\u00e1 con o sin acuerdo y el importe final.<\/p>\n\n\n\n<p>En las conversaciones previas a la subida acordada a mediados de septiembre, que fij\u00f3 el salario m\u00ednimo en 965 euros al mes en 14 pagas con efectos desde el 1 de septiembre, los sindicatos accedieron a aceptar el incremento de 15 euros, por debajo de lo que solicitaban, a cambio de que a principios de a\u00f1o alcanzara los cuatro d\u00edgitos y que se aprobara con car\u00e1cter retroactivo desde el 1 de enero. Este \u00faltimo punto lo ha dado por garantizado D\u00edaz.<\/p>\n\n\n\n<p>Gobierno y sindicatos &#8216;pactaron&#8217; una \u00abprogresiva revisi\u00f3n\u00bb del SMI en 2022 y 2023. El compromiso del Gobierno apunta a que alcance el 60% del salario medio antes del fin de la legislatura, tal y como determina la Carta Social Europea suscrita por Espa\u00f1a y como prometi\u00f3 el Gobierno de coalici\u00f3n.<\/p>\n\n\n\n<p>Lo que se da por pr\u00e1cticamente seguro es que, de haber acuerdo el mi\u00e9rcoles, este ser\u00e1 entre Gobierno y sindicatos, sin el respaldo de los representantes de los empresarios, que ya se desvincularon de la subida de 2021 al considerar que no es el momento en plena recuperaci\u00f3n.<\/p>\n\n\n\n<p>El presidente de la CEOE, Antonio Garamendi, confirm\u00f3 la semana que se manten\u00eda en una posici\u00f3n similar a la de septiembre al advertir de que subir el SMI a 1.000 euros podr\u00eda provocar una \u00abcontracci\u00f3n importante del empleo\u00bb porque hay empresas que no se han recuperado de la crisis, sobre todo las m\u00e1s peque\u00f1as.<\/p>\n\n\n\n<p>El dirigente de la CEOE ha recordado que el SMI ha subido un 30% en los \u00faltimos tres a\u00f1os y que ocho comunidades aut\u00f3nomas presentan ya un salario m\u00ednimo superior al 60% del salario medio, que es el objetivo que firmaron Gobierno y sindicatos para final de legislatura.<\/p>\n\n\n\n<p>\u00abVeremos si acaba con acuerdo bipartito o tripartito, pero lo realmente importante es que haya di\u00e1logo social\u00bb, ha subrayado D\u00edaz. Cabe recordar que el Ejecutivo no est\u00e1 obligado a negociar el incremento del SMI, s\u00f3lo a informar y consultar con los agentes sociales su decisi\u00f3n, pero D\u00edaz insiste en su pol\u00edtica de intentar siempre el acuerdo con los agentes sociales.<\/p>\n\n\n\n<h6 class=\"wp-block-heading\" id=\"ninguno-de-los-tres-escenarios\">Ninguno de los tres escenarios<\/h6>\n\n\n\n<p>Un informe de la Comisi\u00f3n Asesora para el An\u00e1lisis del Salario M\u00ednimo a quien consult\u00f3 Trabajo recomendaba situar el SMI en 1.049 euros para 2023. En el texto, se contemplan tres escenarios para 2022 con incrementos del SMI a 989 euros mensuales (24 euros m\u00e1s), a 996 euros (31 euros m\u00e1s) o a 1.005 euros (40 euros m\u00e1s). Finalmente el Gobierno apuesta por uno intermedio entre el segundo y el tercero.<\/p>\n\n\n\n<p>En distintas declaraciones p\u00fablicas D\u00edaz siempre ha indicado que van a \u00abmanejar\u00bb las conclusiones del informe, sin entrar en m\u00e1s detalle.<\/p>\n","protected":false},"excerpt":{"rendered":"<p>Yolanda D\u00edaz ha propuesto este lunes a los agentes sociales subir el salario m\u00ednimo interprofesional (SMI) hasta los 1.000 euros mensuales este a\u00f1o.<\/p>\n","protected":false},"author":2,"featured_media":5808,"comment_status":"open","ping_status":"open","sticky":false,"template":"","format":"standard","meta":{"footnotes":""},"categories":[66,2],"tags":[94,1709,2120,41,36,1650,245,2119,972],"class_list":["post-5807","post","type-post","status-publish","format-standard","has-post-thumbnail","hentry","category-noticias-actualidad","category-noticias","tag-94","tag-1709","tag-elevar","tag-euros","tag-gobierno","tag-hasta","tag-minimo","tag-propone","tag-salario"],"amp_enabled":true,"_links":{"self":[{"href":"https:\/\/sucurriculum.com\/noticias\/wp-json\/wp\/v2\/posts\/5807","targetHints":{"allow":["GET"]}}],"collection":[{"href":"https:\/\/sucurriculum.com\/noticias\/wp-json\/wp\/v2\/posts"}],"about":[{"href":"https:\/\/sucurriculum.com\/noticias\/wp-json\/wp\/v2\/types\/post"}],"author":[{"embeddable":true,"href":"https:\/\/sucurriculum.com\/noticias\/wp-json\/wp\/v2\/users\/2"}],"replies":[{"embeddable":true,"href":"https:\/\/sucurriculum.com\/noticias\/wp-json\/wp\/v2\/comments?post=5807"}],"version-history":[{"count":1,"href":"https:\/\/sucurriculum.com\/noticias\/wp-json\/wp\/v2\/posts\/5807\/revisions"}],"predecessor-version":[{"id":5809,"href":"https:\/\/sucurriculum.com\/noticias\/wp-json\/wp\/v2\/posts\/5807\/revisions\/5809"}],"wp:featuredmedia":[{"embeddable":true,"href":"https:\/\/sucurriculum.com\/noticias\/wp-json\/wp\/v2\/media\/5808"}],"wp:attachment":[{"href":"https:\/\/sucurriculum.com\/noticias\/wp-json\/wp\/v2\/media?parent=5807"}],"wp:term":[{"taxonomy":"category","embeddable":true,"href":"https:\/\/sucurriculum.com\/noticias\/wp-json\/wp\/v2\/categories?post=5807"},{"taxonomy":"post_tag","embeddable":true,"href":"https:\/\/sucurriculum.com\/noticias\/wp-json\/wp\/v2\/tags?post=5807"}],"curies":[{"name":"wp","href":"https:\/\/api.w.org\/{rel}","templated":true}]}}