{"id":5804,"date":"2022-02-07T16:39:04","date_gmt":"2022-02-07T15:39:04","guid":{"rendered":"https:\/\/sucurriculum.com\/noticias\/?p=5804"},"modified":"2022-02-08T11:41:09","modified_gmt":"2022-02-08T10:41:09","slug":"la-prestacion-a-la-que-puedes-acceder-con-tan-solo-90-dias-cotizados","status":"publish","type":"post","link":"https:\/\/sucurriculum.com\/noticias\/la-prestacion-a-la-que-puedes-acceder-con-tan-solo-90-dias-cotizados\/","title":{"rendered":"La prestaci\u00f3n a la que puedes acceder con tan solo 90 d\u00edas cotizados"},"content":{"rendered":"\n<p>Uno de los requisitos b\u00e1sicos para poder percibir una prestaci\u00f3n por desempleo es la cotizaci\u00f3n. Para recibir el paro es necesario haber cotizado un tiempo m\u00ednimo de un a\u00f1o, aunque es cierto que existen otro tipo de ayudas econ\u00f3micas a las que se puede acceder si no alcanzas este tiempo, como el subsidio por desempleo.<\/p>\n\n\n\n<p>En este sentido, el Servicio de Empleo P\u00fablico Estatal (SEPE) ofrece una prestaci\u00f3n de 463,21 euros mensuales dirigida a aquellas personas que no han podido cotizar un a\u00f1o y, consecuentemente, no cumplen con las condiciones para solicitar el paro.<\/p>\n\n\n\n<h6 class=\"wp-block-heading\" id=\"cuales-son-los-requisitos\">\u00bfCu\u00e1les son los requisitos?<\/h6>\n\n\n\n<p>Para poder recibir este subsidio conocido popularmente como &#8216;miniparo&#8217; tambi\u00e9n hay que tener en cuenta una serie de factores, como el n\u00famero total de meses cotizados y si existen o no responsabilidades familiares. Asimismo, otro requisito fundamental es encontrarse en situaci\u00f3n de desempleo y estar inscrito como demandante. En cuanto al n\u00famero de meses cotizados, el SEPE establece las siguientes condiciones:<\/p>\n\n\n\n<ul class=\"wp-block-list\"><li>Cotizaci\u00f3n de al menos tres meses si hay responsabilidades familiares o de seis meses si no existen.<\/li><li>No alcanzar los 360 d\u00edas de cotizaci\u00f3n que otorgan el derecho a la prestaci\u00f3n contributiva por desempleo.<\/li><li>No recibir rentas superiores al 75% del salario m\u00ednimo interprofesional.<\/li><li>Las personas mayores de 52 a\u00f1os tienen derecho a percibir otro subsidio por desempleo enfocado a esta edad.<\/li><\/ul>\n\n\n\n<h6 class=\"wp-block-heading\" id=\"cual-es-la-cuantia-y-cuanto-tiempo-se-recibe\">\u00bfCu\u00e1l es la cuant\u00eda y cu\u00e1nto tiempo se recibe?<\/h6>\n\n\n\n<p>Esta ayuda es igual al 80% del indicador p\u00fablico de renta de efectos m\u00faltiples (IPREM), por lo que con la subida del 2,5% en las prestaciones tras la modificaci\u00f3n de los Presupuestos Generales para 2022, la cuant\u00eda asciende a 463,21 euros al mes.<\/p>\n\n\n\n<h6 class=\"wp-block-heading\" id=\"duracion-y-cuantia-del-subsidio\">Duraci\u00f3n y cuant\u00eda del subsidio<\/h6>\n\n\n\n<p>La duraci\u00f3n del&nbsp;<strong>subsidio por cotizaci\u00f3n insuficiente<\/strong>&nbsp;depende directamente del n\u00famero de meses cotizados y si el trabajador tiene o no responsabilidades familiares, tal y como aclaran desde el SEPE:<\/p>\n\n\n\n<ul class=\"wp-block-list\"><li>En caso de tener responsabilidades familiares, el subsidio tendr\u00e1 una duraci\u00f3n de 3, 4 o 5 meses si ha cotizado 3, 4 o 5 meses, respectivamente, \u00abTendr\u00e1 una duraci\u00f3n de 21 meses si ha cotizado 6 o m\u00e1s meses (en este supuesto, el derecho se reconocer\u00e1 por seis meses, y se puede prorrogar por per\u00edodos de 6 meses hasta su duraci\u00f3n final)\u00bb, explica desde el SEPE.<\/li><li>Si no tiene responsabilidades familiares, el subsidio tendr\u00e1 una duraci\u00f3n de 6 meses si tiene una cotizaci\u00f3n igual a 6 meses o m\u00e1s.<\/li><li>En el caso de las personas trabajadores discontinuas, la duraci\u00f3n del subsidio es igual al n\u00famero de meses cotizados por desempleo en el a\u00f1o anterior a la solicitud.<\/li><\/ul>\n\n\n\n<h6 class=\"wp-block-heading\" id=\"donde-solicitar-el-subsidio\">D\u00f3nde solicitar el subsidio<\/h6>\n\n\n\n<p>El plazo para presentar el subsidio por cotizaci\u00f3n insuficiente es de 15 d\u00edas h\u00e1biles, los cuales empiezan a contar desde el d\u00eda siguiente a que el trabajador se encuentre en situaci\u00f3n legal de desempleo.<\/p>\n\n\n\n<p>Con todo ello, el Gobierno de Espa\u00f1a habilita diferentes canales a trav\u00e9s de los cuales es posibles llevar a cabo la solicitud del subsidio por desempleo en tiempo y forma:<\/p>\n\n\n\n<p><a href=\"https:\/\/sede.sepe.gob.es\/ConsultaPrestacionesAAWWeb\/AccesoConsultaAction.do\">Sede Electr\u00f3nica del SEPE<\/a>.<br>Por correo administrativo.<br>Cualquier oficina de registro p\u00fablico.<br>Oficina de prestaciones.<br>Tambi\u00e9n puede solicitar este subsidio en la oficina de prestaciones. Sin bien, en este caso es necesario obtener cita previa en la Sede Electr\u00f3nica del SEPE o por tel\u00e9fono.<\/p>\n\n\n\n<p>De otra manera, recordamos que puedes conocer todos los requisitos y novedades sobre subsidios, prestaciones, SEPE y Seguridad Social en nuestra secci\u00f3n de Ayudas y Prestaciones de nuestro medio.<\/p>\n\n\n\n<p>El SEPE publica todas la actualidad sobre los subsidios y el resto de prestaciones desde su web <a href=\"http:\/\/www.sepe.es\">www.sepe.es<\/a> adem\u00e1s, de redes sociales.<\/p>\n","protected":false},"excerpt":{"rendered":"<p>El &#8216;miniparo&#8217; de 463 euros al que puedes acceder con tan solo 90 d\u00edas cotizados.<\/p>\n","protected":false},"author":2,"featured_media":5805,"comment_status":"open","ping_status":"open","sticky":false,"template":"","format":"standard","meta":{"footnotes":""},"categories":[35],"tags":[1613,37,2776,3079,217,137,3078],"class_list":["post-5804","post","type-post","status-publish","format-standard","has-post-thumbnail","hentry","category-ayudas","tag-1613","tag-ayudas","tag-cotizaciones","tag-cotizados","tag-dias","tag-empleo","tag-miniparo"],"amp_enabled":true,"_links":{"self":[{"href":"https:\/\/sucurriculum.com\/noticias\/wp-json\/wp\/v2\/posts\/5804","targetHints":{"allow":["GET"]}}],"collection":[{"href":"https:\/\/sucurriculum.com\/noticias\/wp-json\/wp\/v2\/posts"}],"about":[{"href":"https:\/\/sucurriculum.com\/noticias\/wp-json\/wp\/v2\/types\/post"}],"author":[{"embeddable":true,"href":"https:\/\/sucurriculum.com\/noticias\/wp-json\/wp\/v2\/users\/2"}],"replies":[{"embeddable":true,"href":"https:\/\/sucurriculum.com\/noticias\/wp-json\/wp\/v2\/comments?post=5804"}],"version-history":[{"count":1,"href":"https:\/\/sucurriculum.com\/noticias\/wp-json\/wp\/v2\/posts\/5804\/revisions"}],"predecessor-version":[{"id":5806,"href":"https:\/\/sucurriculum.com\/noticias\/wp-json\/wp\/v2\/posts\/5804\/revisions\/5806"}],"wp:featuredmedia":[{"embeddable":true,"href":"https:\/\/sucurriculum.com\/noticias\/wp-json\/wp\/v2\/media\/5805"}],"wp:attachment":[{"href":"https:\/\/sucurriculum.com\/noticias\/wp-json\/wp\/v2\/media?parent=5804"}],"wp:term":[{"taxonomy":"category","embeddable":true,"href":"https:\/\/sucurriculum.com\/noticias\/wp-json\/wp\/v2\/categories?post=5804"},{"taxonomy":"post_tag","embeddable":true,"href":"https:\/\/sucurriculum.com\/noticias\/wp-json\/wp\/v2\/tags?post=5804"}],"curies":[{"name":"wp","href":"https:\/\/api.w.org\/{rel}","templated":true}]}}