{"id":5783,"date":"2022-02-01T10:19:09","date_gmt":"2022-02-01T09:19:09","guid":{"rendered":"https:\/\/sucurriculum.com\/noticias\/?p=5783"},"modified":"2022-02-07T11:31:29","modified_gmt":"2022-02-07T10:31:29","slug":"mercadona-oferta-nuevos-empleos","status":"publish","type":"post","link":"https:\/\/sucurriculum.com\/noticias\/mercadona-oferta-nuevos-empleos\/","title":{"rendered":"Mercadona oferta nuevos empleos"},"content":{"rendered":"\n<p>Mercadona busca personal para cubrir sus ofertas de empleo con los nuevos sueldos m\u00ednimos de la compa\u00f1\u00eda, que parten desde los 1.425 euros al mes para personal con titulaci\u00f3n m\u00ednima equivalente a la Educaci\u00f3n Secundaria Obligatoria (ESO) o Formaci\u00f3n Profesional (FP).<\/p>\n\n\n\n<p>La cadena de supermercados que preside Juan Roig ha subido el salario a toda su plantilla un 6,5 por ciento este a\u00f1o a toda su plantilla. El incremento de sueldos en Mercadona ha comenzado a aplicarse ya en las nuevas contrataciones de la cadena de distribuci\u00f3n y as\u00ed figura en las condiciones de las \u00faltimas ofertas de empleo de la empresa.<\/p>\n\n\n\n<p>Al margen de la subida de sueldos a los 93.300 trabajadores de la empresa en Espa\u00f1a, Mercadona seguir\u00e1 este a\u00f1o creando empleos en nuestro pa\u00eds este a\u00f1o.<\/p>\n\n\n\n<p>As\u00ed, Mercadona necesita personal con la ESO para puestos en las secciones de sus supermercados y mozos de almac\u00e9n en sus bloques log\u00edsticos, as\u00ed como t\u00e9cnicos de mantenimiento titulados en Formaci\u00f3n Profesional, por sueldos de 1.425 euros al mes.<\/p>\n\n\n\n<p>Este salario corresponde a puestos de trabajo a jornada completa de cuarenta horas semanales. En el caso de las ofertas de empleo de Mercadona para jornadas parciales de veinte horas a la semana, el sueldo parte desde los 712 euros al mes.<\/p>\n\n\n\n<p>De acuerdo con la informaci\u00f3n suministrada en el Portal de Empleo de Mercadona, la empresa cuenta con vacantes para trabajos con sueldos de 1.425 euros mensuales en las provincias de Madrid, Barcelona, Valencia, Alicante, M\u00e1laga, La Rioja, Zamora, Vizcaya, Cuenca, C\u00e1diz, L\u00e9rida, Huesca, Granada, Burgos, C\u00e1ceres, Zaragoza, \u00c1vila, Salamanca, Segovia, Huelva, Tarragona y Pontevedra.<\/p>\n\n\n\n<h6 class=\"wp-block-heading\" id=\"como-se-entra-en-la-bolsa-de-trabajo-de-mercadona\">C\u00f3mo se entra en la bolsa de trabajo de Mercadona<\/h6>\n\n\n\n<p>Todas las ofertas de empleo de Mercadona se pueden consultar en la <a href=\"https:\/\/info.mercadona.es\/es\/conocenos\/empleo\">p\u00e1gina web de la compa\u00f1\u00eda<\/a>. Sin embargo, para solicitar alguna de las vacantes resulta imprescindible estar inscrito en la bolsa de trabajo habilitada por Mercadona en internet. Todo el proceso se realiza de forma telem\u00e1tica (consulte aqu\u00ed c\u00f3mo se entra en la bolsa de trabajo de Mercadona).<\/p>\n\n\n\n<p>Una vez superada la primera fase de la selecci\u00f3n, Mercadona cita a los candidatos a una entrevista de car\u00e1cter presencial como paso previo a la contrataci\u00f3n.<\/p>\n\n\n\n<p>Mercadona ha habilitado el correo electr\u00f3nico sugerencias@mercadona.es y el n\u00famero de tel\u00e9fono 900 500 103 para resolver dudas relacionadas con sus ofertas de empleo y el proceso de selecci\u00f3n de personal.<\/p>\n","protected":false},"excerpt":{"rendered":"<p>Mercadona busca personal para cubrir sus ofertas de empleo con sueldos  desde 1.425 euros.<\/p>\n","protected":false},"author":2,"featured_media":5784,"comment_status":"open","ping_status":"open","sticky":false,"template":"","format":"standard","meta":{"footnotes":""},"categories":[65],"tags":[2833,137,2665,41,1337,209,214,926,56,93],"class_list":["post-5783","post","type-post","status-publish","format-standard","has-post-thumbnail","hentry","category-ofertas-de-empleo","tag-2833","tag-empleo","tag-eso","tag-euros","tag-fp","tag-mercadona","tag-nuevas","tag-publica","tag-sueldo","tag-vacantes"],"amp_enabled":true,"_links":{"self":[{"href":"https:\/\/sucurriculum.com\/noticias\/wp-json\/wp\/v2\/posts\/5783","targetHints":{"allow":["GET"]}}],"collection":[{"href":"https:\/\/sucurriculum.com\/noticias\/wp-json\/wp\/v2\/posts"}],"about":[{"href":"https:\/\/sucurriculum.com\/noticias\/wp-json\/wp\/v2\/types\/post"}],"author":[{"embeddable":true,"href":"https:\/\/sucurriculum.com\/noticias\/wp-json\/wp\/v2\/users\/2"}],"replies":[{"embeddable":true,"href":"https:\/\/sucurriculum.com\/noticias\/wp-json\/wp\/v2\/comments?post=5783"}],"version-history":[{"count":1,"href":"https:\/\/sucurriculum.com\/noticias\/wp-json\/wp\/v2\/posts\/5783\/revisions"}],"predecessor-version":[{"id":5785,"href":"https:\/\/sucurriculum.com\/noticias\/wp-json\/wp\/v2\/posts\/5783\/revisions\/5785"}],"wp:featuredmedia":[{"embeddable":true,"href":"https:\/\/sucurriculum.com\/noticias\/wp-json\/wp\/v2\/media\/5784"}],"wp:attachment":[{"href":"https:\/\/sucurriculum.com\/noticias\/wp-json\/wp\/v2\/media?parent=5783"}],"wp:term":[{"taxonomy":"category","embeddable":true,"href":"https:\/\/sucurriculum.com\/noticias\/wp-json\/wp\/v2\/categories?post=5783"},{"taxonomy":"post_tag","embeddable":true,"href":"https:\/\/sucurriculum.com\/noticias\/wp-json\/wp\/v2\/tags?post=5783"}],"curies":[{"name":"wp","href":"https:\/\/api.w.org\/{rel}","templated":true}]}}