{"id":5780,"date":"2022-01-31T09:03:49","date_gmt":"2022-01-31T08:03:49","guid":{"rendered":"https:\/\/sucurriculum.com\/noticias\/?p=5780"},"modified":"2022-01-31T09:03:50","modified_gmt":"2022-01-31T08:03:50","slug":"el-centro-comercial-nasas-nigran-abrira-en-un-ano","status":"publish","type":"post","link":"https:\/\/sucurriculum.com\/noticias\/el-centro-comercial-nasas-nigran-abrira-en-un-ano\/","title":{"rendered":"El centro comercial Nasas Nigr\u00e1n abrir\u00e1 en un a\u00f1o"},"content":{"rendered":"\n<p>Diciembre de 2022. Es la fecha prevista de apertura del esperado centro comercial Nasas Nigr\u00e1n en el parque empresarial Porto do Molle. As\u00ed lo ha confirmado esta ma\u00f1ana Jos\u00e9 Antonio Garc\u00eda, director general de L\u00f3pez Real Inversiones 21, la promotora del proyecto, en el acto oficial de colocaci\u00f3n de la primera piedra. Un a\u00f1o de obras con 270 operarios activos en una parcela de 60.000 metros cuadrados en el acceso principal del pol\u00edgono quedan por delante para estrenar el espacio de ocio y compras cuya inversi\u00f3n alcanza los 55 millones de euros y en el que trabajar\u00e1n 350 personas de forma directa y se crear\u00e1n otros 150 puestos de trabajo indirectos, asegur\u00f3 el responsable de la iniciativa.<\/p>\n\n\n\n<p>Nasas Nigr\u00e1n ser\u00e1 un conjunto de naves integradas que arranca con el 90% de su espacio comercial y hostelero vendido, se\u00f1al\u00f3 Garc\u00eda. Por el momento, est\u00e1 confirmada la presencia de un hipermercado de la marca Eroski-Vegalsa, el gigante del bricolaje Leroy Merlin, Merkal calzados, Tiendanimal en relaci\u00f3n con las mascotas, McDonald\u2019s, KFC, Diverland, Gym, Susico y las marcas deportivas Sprinter y Joma. El director general asegur\u00f3 en pr\u00f3ximos d\u00edas se confirmar\u00e1 una gran superficie del sector deportivo, aunque rehus\u00f3 aclarar si se trata de la multinacional Decathlon, como se anunci\u00f3 en diversas ocasiones en los \u00faltimos a\u00f1os.<\/p>\n\n\n\n<p>El 10% del espacio comercial libre se destinar\u00e1, se\u00f1al\u00f3 Garc\u00eda, a las empresas locales, \u201ctanto de restauraci\u00f3n como del comercio\u201d. Para facilitar su instalaci\u00f3n, dijo, \u201cse bonificar\u00e1n los alquileres un 10%\u201d. Y es que la intenci\u00f3n del centro es integrarse con su entorno, \u201ccolmatar las expectativas y previsiones del municipio\u201d, \u201cparticipar en la actividad econ\u00f3mica, cultural y social de la comarca\u201d, indic\u00f3. \u201cNo venimos a competir, venimos a invertir y generar empleo, completar la oferta comercial y a ser grandes embajadores de Nigr\u00e1n\u201d. Y en esta l\u00ednea ofreci\u00f3 datos de previsi\u00f3n de afluencia: 5 millones de personas el primer a\u00f1o que, seg\u00fan los estudios econ\u00f3micos, ser\u00e1n 6,5 millones a partir del tercer a\u00f1o.<\/p>\n\n\n\n<p>En este sentido, se pronunci\u00f3 el delegado del Estado para el Consorcio de la Zona Franca de Vigo, David Regades, que subray\u00f3 que \u201ceste parque ser\u00e1 un atractivo para toda el \u00e1rea de Vigo, para toda Galicia y para todo el norte de Portugal\u201d, adem\u00e1s de ofrecer un \u201cvalor social muy importante por el v\u00ednculo con el resto de colectivos econ\u00f3micos y sociales del municipio y de esta gran \u00e1rea\u201d. Incidi\u00f3 as\u00ed en el movimiento econ\u00f3mico que generar\u00e1n las propias obras y sus trabajadores y el que en el futuro se desplegar\u00e1 sobre la comarca mi\u00f1orana. \u201cLa gente va a venir aqu\u00ed a comprar y acabar\u00e1 comiendo en Baiona, durmiendo en Baiona y Gondomar, etc.\u201d, a\u00f1adi\u00f3.<\/p>\n\n\n\n<h6 class=\"wp-block-heading\" id=\"atractivo-para-gallegos-y-portugueses\">Atractivo para gallegos y portugueses<\/h6>\n\n\n\n<p>De \u201cproyecto ilusionante y emocionante\u201d calific\u00f3 el alcalde de Nigr\u00e1n, Juan Gonz\u00e1lez, el centro comercial Nasas Nigr\u00e1n, en su intervenci\u00f3n, durante la que hizo hincapi\u00e9 en el nombre del propio espacio, \u201cnasas\u201d, un elemento \u201cmuy imbricado en la historia y la cultura marinera de Nigr\u00e1n\u201d. El regidor dio las gracias por este gran espacio comercial\u201d que ser\u00e1 \u201cun atractivo no solo para los vecinos sino para gente de toda Galicia y norte de Portugal\u201d.<\/p>\n\n\n\n<p>Para Gonz\u00e1lez tanto Nasas Nigr\u00e1n como el parque empresarial son una oportunidad para diversificar la econom\u00eda local y dejar de depender en gran medida del turismo. \u201cTenemos que aprovechar al m\u00e1ximo esos 5 millones de personas que pasar\u00e1n por aqu\u00ed, que esas personas no solo se queden en Nasas, que vayan a Panx\u00f3n, a Parada a otras zonas, a otras localidades del Val Mi\u00f1or\u201d. \u201cEsto no va a quitar riqueza sino a\u00f1adir riqueza en forma de puestos de trabajo\u201d, recalc\u00f3. \u201cAhora nos toca a las administraciones locales formar a los vecinos para que tengan la oportunidad de trabajar en Nasas Nigr\u00e1n\u201d, dej\u00f3 claro.<\/p>\n\n\n\n<p>El alcalde subray\u00f3 asimismo la intenci\u00f3n de L\u00f3pez Real 21 de \u201cinvolucrarse\u201d en la sociedad nigranesa y puso como ejemplo la organizaci\u00f3n de un torneo nacional de petanca y las visitas al centro de atenci\u00f3n a las personas con diversidad intelectual Juan Mar\u00eda, ambos colectivos representados en el acto.<\/p>\n","protected":false},"excerpt":{"rendered":"<p>Trabajar\u00e1n 350 personas de forma directa y se crear\u00e1n otros 150 puestos de trabajo indirectos.<\/p>\n","protected":false},"author":2,"featured_media":5781,"comment_status":"open","ping_status":"open","sticky":false,"template":"","format":"standard","meta":{"footnotes":""},"categories":[65],"tags":[207,707,748,95,3054,3055],"class_list":["post-5780","post","type-post","status-publish","format-standard","has-post-thumbnail","hentry","category-ofertas-de-empleo","tag-207","tag-centro","tag-comercial","tag-empleos","tag-nasa","tag-nigran-2"],"amp_enabled":true,"_links":{"self":[{"href":"https:\/\/sucurriculum.com\/noticias\/wp-json\/wp\/v2\/posts\/5780","targetHints":{"allow":["GET"]}}],"collection":[{"href":"https:\/\/sucurriculum.com\/noticias\/wp-json\/wp\/v2\/posts"}],"about":[{"href":"https:\/\/sucurriculum.com\/noticias\/wp-json\/wp\/v2\/types\/post"}],"author":[{"embeddable":true,"href":"https:\/\/sucurriculum.com\/noticias\/wp-json\/wp\/v2\/users\/2"}],"replies":[{"embeddable":true,"href":"https:\/\/sucurriculum.com\/noticias\/wp-json\/wp\/v2\/comments?post=5780"}],"version-history":[{"count":1,"href":"https:\/\/sucurriculum.com\/noticias\/wp-json\/wp\/v2\/posts\/5780\/revisions"}],"predecessor-version":[{"id":5782,"href":"https:\/\/sucurriculum.com\/noticias\/wp-json\/wp\/v2\/posts\/5780\/revisions\/5782"}],"wp:featuredmedia":[{"embeddable":true,"href":"https:\/\/sucurriculum.com\/noticias\/wp-json\/wp\/v2\/media\/5781"}],"wp:attachment":[{"href":"https:\/\/sucurriculum.com\/noticias\/wp-json\/wp\/v2\/media?parent=5780"}],"wp:term":[{"taxonomy":"category","embeddable":true,"href":"https:\/\/sucurriculum.com\/noticias\/wp-json\/wp\/v2\/categories?post=5780"},{"taxonomy":"post_tag","embeddable":true,"href":"https:\/\/sucurriculum.com\/noticias\/wp-json\/wp\/v2\/tags?post=5780"}],"curies":[{"name":"wp","href":"https:\/\/api.w.org\/{rel}","templated":true}]}}