{"id":5777,"date":"2022-01-28T12:38:09","date_gmt":"2022-01-28T11:38:09","guid":{"rendered":"https:\/\/sucurriculum.com\/noticias\/?p=5777"},"modified":"2022-01-28T12:38:09","modified_gmt":"2022-01-28T11:38:09","slug":"tendran-que-justificar-su-uso-ante-el-organo-concedente","status":"publish","type":"post","link":"https:\/\/sucurriculum.com\/noticias\/tendran-que-justificar-su-uso-ante-el-organo-concedente\/","title":{"rendered":"Tendr\u00e1n que justificar su uso ante el \u00f3rgano concedente"},"content":{"rendered":"\n<p>Los beneficiarios de los 250 euros mensuales del bono joven al alquiler tendr\u00e1n que justificar su uso ante el \u00f3rgano concedente \u00abcon una periodicidad m\u00ednima semestral\u00bb y \u00aben el plazo m\u00e1ximo de tres meses\u00bb desde la finalizaci\u00f3n del \u00faltimo mes natural en el que se recibi\u00f3 la subvenci\u00f3n, seg\u00fan contempla el Real Decreto publicado esta semana en el Bolet\u00edn Oficial del Estado (BOE).<\/p>\n\n\n\n<p>El joven de entre 18 y 35 a\u00f1os que reciba la ayuda tendr\u00e1 que acreditar \u00abpor cualquier medio admitido en derecho\u00bb el pago de la renta o del precio de la cesi\u00f3n de todas las mensualidades en las que haya recibido la subvenci\u00f3n, como consta en el art\u00edculo 16 del texto.<\/p>\n\n\n\n<p>Esos comprobantes servir\u00e1n para que la comunidad o la ciudad aut\u00f3noma certifique al Ministerio de Transportes, Movilidad y Agenda Urbana (Mitma) el cumplimiento del objeto de la subvenci\u00f3n, ya que las competencias para el desembolso de ese monto son auton\u00f3micas.<\/p>\n\n\n\n<p>El Mitma transferir\u00e1 los fondos a las comunidades aut\u00f3nomas, una vez que se decida su reparto en la Conferencia Sectorial, que deber\u00e1 convocar el Ministerio en un plazo m\u00e1ximo de dos meses, como se\u00f1al\u00f3 esta semana la ministra, Raquel S\u00e1nchez, en la rueda de prensa posterior al Consejo de Ministros.<\/p>\n\n\n\n<p>Los Presupuestos Generales del Estado (PGE) para 2022 contemplan una partida de 200 millones de euros para el bono joven al alquiler, al que se sumar\u00e1n otros 200 millones de euros en el pr\u00f3ximo ejercicio, ya que se cobrar\u00e1 durante un periodo m\u00e1ximo de dos a\u00f1os.<\/p>\n\n\n\n<p>Las competencias auton\u00f3micas tambi\u00e9n permitir\u00e1n a cada comunidad determinar si eleva el l\u00edmite de la renta arrendaticia recogido en el decreto, en funci\u00f3n del tensionamiento de la zona. De entrada, el alquiler mensual debe situarse por debajo de los 600 euros en el caso de los pisos y de los 300 euros para el arrendamiento de habitaciones.<\/p>\n\n\n\n<p>No obstante, si las autoridades competentes lo estiman necesario, esas cifras podr\u00edan elevarse a los 900 euros y los 450 euros, respectivamente, cuando los estudios actualizados de oferta de vivienda en alquiler \u00abacrediten tal necesidad\u00bb.<\/p>\n\n\n\n<h6 class=\"wp-block-heading\" id=\"alquileres-de-mas-de-900-euros-en-ciertos-supuestos\">Alquileres de m\u00e1s de 900 euros en ciertos supuestos<\/h6>\n\n\n\n<p>Adem\u00e1s, la Comisi\u00f3n de Seguimiento podr\u00e1 acordar la aplicaci\u00f3n de un l\u00edmite superior a los 900 euros mensuales \u00aben funci\u00f3n del n\u00famero de personas j\u00f3venes que convivan en la vivienda\u00bb, cuando sus inquilinos sean dos o m\u00e1s personas j\u00f3venes beneficiarias que hayan suscrito todas ellas el correspondiente contrato.<\/p>\n\n\n\n<p>Los receptores del bono joven al alquiler podr\u00e1n beneficiarse de una ayuda total de 6000 euros durante dos a\u00f1os, siempre que no cambien sus condiciones respecto al momento de la solicitud y la concesi\u00f3n.<\/p>\n\n\n\n<p>Para poder optar a esta ayuda, los solicitantes deben tener entre 18 y 35 a\u00f1os, incluidos, en el momento de solicitar la ayuda. El bono estar\u00e1 disponible tanto para nacionales espa\u00f1oles como para miembros de estados comunitarios, del Espacio Econ\u00f3mico Europeo y Suiza. En el caso de los extranjeros no comunitarios, deber\u00e1n hallarse en situaci\u00f3n de estancia o residencia regular en Espa\u00f1a.<\/p>\n\n\n\n<p>Otro de los requisitos incluye la titularidad, en calidad de persona arrendataria, de un contrato de alquiler de vivienda. Adem\u00e1s, se deber\u00e1 contar con una fuente regular de ingresos que reporte unas rentas anuales iguales o inferiores a tres veces el Indicador P\u00fablico de Renta de Efectos M\u00faltiples (Iprem), 24.318 euros anuales en 14 pagas.<\/p>\n\n\n\n<p>Eso incluye tambi\u00e9n los ingresos \u00abde las personas que tengan su domicilio habitual y permanente en la vivienda arrendada o cedida o a arrendar o ceder, consten o no como titulares del contrato de arrendamiento o cesi\u00f3n\u00bb, como apunta el Real Decreto.<\/p>\n\n\n\n<p>Por el contrario, para los solicitantes que alquilen solo una habitaci\u00f3n \u00abno se incluir\u00e1 la renta de las personas que tengan su domicilio habitual y permanente en la vivienda\u00bb y solo se considerar\u00e1n los de la persona f\u00edsica arrendataria.<\/p>\n\n\n\n<h6 class=\"wp-block-heading\" id=\"ingresos-por-encima-de-24-000-euros-en-algunos-casos\">Ingresos por encima de 24.000 euros en algunos casos<\/h6>\n\n\n\n<p>En el caso de los ingresos, el Real Decreto tambi\u00e9n incluye excepciones, como la superaci\u00f3n de esos 24.318 euros, equivalentes a tres veces el Iprem, en funci\u00f3n del n\u00famero de personas j\u00f3venes que convivan en la vivienda, cuando residan dos o m\u00e1s beneficiarios del bono y hayan suscrito todos el contrato. El l\u00edmite de renta anual no podr\u00e1 ser superior para los supuestos del alquiler de habitaci\u00f3n.<\/p>\n\n\n\n<p>El Mitma estima que el bono alcanzar\u00e1 a unos 70.000 j\u00f3venes, seg\u00fan las previsiones que comparti\u00f3 S\u00e1nchez en la rueda de prensa posterior al Consejo de Ministros. Por su parte, el Consejo de la Juventud rebaja esa cifra a 50.000, un 1,7% de los j\u00f3venes emancipados.<\/p>\n\n\n\n<p>Adem\u00e1s de las limitaciones por edad, renta arrendaticia e ingresos anuales, el Real Decreto tambi\u00e9n deja fuera a las personas que tengan su residencia habitual y permanente en la vivienda objeto del contrato de arrendamiento o de cesi\u00f3n de uso si es propietaria o usufructuaria de alguna vivienda en Espa\u00f1a.<\/p>\n\n\n\n<p>Tambi\u00e9n a los que tengan su domicilio habitual y permanente en la vivienda arrendada o cedida y tengan parentesco en primer o segundo grado de consanguinidad o de afinidad con la persona arrendadora o cedente de la vivienda; y a los que tengan su domicilio habitual y permanente en la vivienda arrendada o cedida y sea socio o part\u00edcipe de la persona f\u00edsica o jur\u00eddica que act\u00fae como arrendadora o cedente.<\/p>\n","protected":false},"excerpt":{"rendered":"<p>Los beneficiarios de los 250 euros mensuales del bono joven al alquiler tendr\u00e1n que justificar su uso con una periodicidad m\u00ednima semestral.<\/p>\n","protected":false},"author":2,"featured_media":5778,"comment_status":"open","ping_status":"open","sticky":false,"template":"","format":"standard","meta":{"footnotes":""},"categories":[35],"tags":[134,206,829,3053],"class_list":["post-5777","post","type-post","status-publish","format-standard","has-post-thumbnail","hentry","category-ayudas","tag-alquiler","tag-ayuda","tag-bono","tag-justificar"],"amp_enabled":true,"_links":{"self":[{"href":"https:\/\/sucurriculum.com\/noticias\/wp-json\/wp\/v2\/posts\/5777","targetHints":{"allow":["GET"]}}],"collection":[{"href":"https:\/\/sucurriculum.com\/noticias\/wp-json\/wp\/v2\/posts"}],"about":[{"href":"https:\/\/sucurriculum.com\/noticias\/wp-json\/wp\/v2\/types\/post"}],"author":[{"embeddable":true,"href":"https:\/\/sucurriculum.com\/noticias\/wp-json\/wp\/v2\/users\/2"}],"replies":[{"embeddable":true,"href":"https:\/\/sucurriculum.com\/noticias\/wp-json\/wp\/v2\/comments?post=5777"}],"version-history":[{"count":1,"href":"https:\/\/sucurriculum.com\/noticias\/wp-json\/wp\/v2\/posts\/5777\/revisions"}],"predecessor-version":[{"id":5779,"href":"https:\/\/sucurriculum.com\/noticias\/wp-json\/wp\/v2\/posts\/5777\/revisions\/5779"}],"wp:featuredmedia":[{"embeddable":true,"href":"https:\/\/sucurriculum.com\/noticias\/wp-json\/wp\/v2\/media\/5778"}],"wp:attachment":[{"href":"https:\/\/sucurriculum.com\/noticias\/wp-json\/wp\/v2\/media?parent=5777"}],"wp:term":[{"taxonomy":"category","embeddable":true,"href":"https:\/\/sucurriculum.com\/noticias\/wp-json\/wp\/v2\/categories?post=5777"},{"taxonomy":"post_tag","embeddable":true,"href":"https:\/\/sucurriculum.com\/noticias\/wp-json\/wp\/v2\/tags?post=5777"}],"curies":[{"name":"wp","href":"https:\/\/api.w.org\/{rel}","templated":true}]}}