{"id":5667,"date":"2021-12-27T11:27:17","date_gmt":"2021-12-27T10:27:17","guid":{"rendered":"https:\/\/sucurriculum.com\/noticias\/?p=5667"},"modified":"2021-12-27T11:27:18","modified_gmt":"2021-12-27T10:27:18","slug":"esta-obligada-tu-empresa-a-subirte-el-sueldo-conforme-al-ipc","status":"publish","type":"post","link":"https:\/\/sucurriculum.com\/noticias\/esta-obligada-tu-empresa-a-subirte-el-sueldo-conforme-al-ipc\/","title":{"rendered":"\u00bfEst\u00e1 obligada tu empresa a subirte el sueldo conforme al IPC?"},"content":{"rendered":"\n<p>El bolsillo de los espa\u00f1oles est\u00e1 sufriendo la enorme e hist\u00f3rica subida del IPC, del 5,5% hasta noviembre, debido sobre todo al brutal encarecimiento de la luz, pero tambi\u00e9n de otros productos como los combustibles.<\/p>\n\n\n\n<p>El \u00cdndice de Precios de Consumo (IPC), que se publica mensualmente, tiene como objetivo medir la evoluci\u00f3n del nivel de precios de los bienes y servicios de consumo adquiridos por los hogares residentes en Espa\u00f1a.<\/p>\n\n\n\n<p>Los productos que componen la llamada &#8216;cesta de la compra&#8217; del IPC son los alimentos y bebidas no alcoh\u00f3licas, las bebidas alcoh\u00f3licas y el tabaco, la ropa y el calzado, la vivienda, el menaje, las medicinas, el transporte, las comunicaciones, el ocio y la cultura, la ense\u00f1anza, los hoteles, caf\u00e9s y restaurantes, as\u00ed como otros bienes y servicios.<\/p>\n\n\n\n<p>Cada d\u00eda que pasa pulverizamos un nuevo r\u00e9cord hist\u00f3rico del precio de la luz. Hoy el megavatio hora est\u00e1 a 113,99 euros y ma\u00f1ana, por cuarto d\u00eda consecutivo, marcar\u00e1 un nuevo m\u00e1ximo alcanzando casi los 115,83 euros. \u00abEstamos sufriendo una escalada de precios muy elevada en torno a un 50 o 60 por ciento con respecto al a\u00f1o pasado\u00bb, ha asegurado el ingeniero consultor energ\u00e9tico, Carlos Gago. Esta subida desbocada es debido al encarecimiento de los derechos de emisi\u00f3n de CO2 y del alto precio del gas natural, justo las energ\u00edas de las que dependemos y que nos penalizan a la hora de fijar los precios en el mercado el\u00e9ctrico, frente a otras energ\u00edas m\u00e1s baratas, como las renovables. \u00abEl problema que tenemos es que la energ\u00eda renovable no tiene una producci\u00f3n el\u00e9ctrica continua, con lo cual no nos garantiza nunca un precio fijo\u00bb, ha puntualizado Gago. Para abaratar la factura, los expertos apuntan a una mayor apuesta del Gobierno por la producci\u00f3n de energ\u00edas limpias, aprovechando al m\u00e1ximo los recursos naturales que tenemos, porque la bajada del IVA en el recibo del 21 al 10 por ciento hasta final de a\u00f1o no ha tenido ning\u00fan efecto.En 2021 se han pulverizado r\u00e9cord en el precio de la luz.<br>Pues bien, este a\u00f1o 2021 el IPC est\u00e1 registrando un espectacular incremento de los precios lo que, si los sueldos no suben en la misma proporci\u00f3n, supone un empobrecimiento general de los trabajadores espa\u00f1oles.<\/p>\n\n\n\n<h6 class=\"wp-block-heading\">La subida salarial depende del convenio, no hay obligaci\u00f3n de aplicar el IPC de manera autom\u00e1tica<\/h6>\n\n\n\n<p>Seg\u00fan explican desde Comisiones Obreras, \u00abla subida salarial depende del convenio, no hay obligaci\u00f3n de aplicar el IPC de manera autom\u00e1tica, salvo que el convenio establezca una cl\u00e1usula de revisi\u00f3n salarial, en cuyo caso se aplicar\u00e1 el porcentaje que dicha cl\u00e1usula establezca\u00bb. \u00abEn ocasiones -agregan desde el sindicato- las empresas aplican aumentos a cuenta, pero no son obligatorios\u00bb.<\/p>\n\n\n\n<p>Variaci\u00f3n del IPC desde 2003.Variaci\u00f3n del IPC desde 2003.Carlos G\u00e1mez<br>Cadena de montaje en una empresa de fabricaci\u00f3n de autom\u00f3viles en Galicia.<br>Las empresas afrontan un 2022 marcado por la inflaci\u00f3n: el 60% subir\u00e1 precios y solo un 30% espera facturar m\u00e1s<br>Javier Garc\u00eda y Carlos Salas, del despacho Segarra Abogados, explican: \u00abEl Estatuto de los Trabajadores, que es la normativa estatal b\u00e1sica que regula las relaciones laborales, no establece ninguna obligatoriedad de vincular una subida de los salarios al IPC\u00bb.<\/p>\n\n\n\n<p>\u00abSin embargo, -a\u00f1aden- las relaciones laborales no s\u00f3lo se regulan por el Estatuto, si no que existe una gran capacidad de regular derechos y obligaciones laborales de forma descentralizada a trav\u00e9s de la autonom\u00eda colectiva (Patronales y Sindicatos) materializando estas negociaciones en lo que conocemos como Convenios Colectivos que obligan a lo sujetos que se encuadran dentro de su \u00e1mbito de aplicaci\u00f3n. Los convenios colectivos, s\u00ed que se suelen incluir cl\u00e1usulas de revisi\u00f3n salarial en las que se establecen subidas salariales vinculadas a la evoluci\u00f3n del \u00cdndice de Precios al Consumo\u00bb.<\/p>\n\n\n\n<p>Esto no quiere decir que todos los convenios contengan cl\u00e1usulas de revisi\u00f3n salarial vinculadas a la evoluci\u00f3n del IPC, puesto que los sectores son muy heterog\u00e9neos a la hora de regular su cuadro normativo, aunque s\u00ed que suele suceder en la mayor\u00eda, pues el IPC es el indicador de referencia que utilizan los negociadores con m\u00e1s frecuencia, para calcular las futuras subidas salariales en los Convenios, subrayan los expertos en Derecho Laboral.<\/p>\n","protected":false},"excerpt":{"rendered":"<p>El bolsillo de los espa\u00f1oles est\u00e1 sufriendo la enorme e hist\u00f3rica subida del IPC, del 5,5%.<\/p>\n","protected":false},"author":2,"featured_media":5668,"comment_status":"open","ping_status":"open","sticky":false,"template":"","format":"standard","meta":{"footnotes":""},"categories":[66],"tags":[2905,2906,2903,2904,56],"class_list":["post-5667","post","type-post","status-publish","format-standard","has-post-thumbnail","hentry","category-noticias-actualidad","tag-conforme","tag-ipc","tag-obligada","tag-subirte","tag-sueldo"],"amp_enabled":true,"_links":{"self":[{"href":"https:\/\/sucurriculum.com\/noticias\/wp-json\/wp\/v2\/posts\/5667","targetHints":{"allow":["GET"]}}],"collection":[{"href":"https:\/\/sucurriculum.com\/noticias\/wp-json\/wp\/v2\/posts"}],"about":[{"href":"https:\/\/sucurriculum.com\/noticias\/wp-json\/wp\/v2\/types\/post"}],"author":[{"embeddable":true,"href":"https:\/\/sucurriculum.com\/noticias\/wp-json\/wp\/v2\/users\/2"}],"replies":[{"embeddable":true,"href":"https:\/\/sucurriculum.com\/noticias\/wp-json\/wp\/v2\/comments?post=5667"}],"version-history":[{"count":1,"href":"https:\/\/sucurriculum.com\/noticias\/wp-json\/wp\/v2\/posts\/5667\/revisions"}],"predecessor-version":[{"id":5669,"href":"https:\/\/sucurriculum.com\/noticias\/wp-json\/wp\/v2\/posts\/5667\/revisions\/5669"}],"wp:featuredmedia":[{"embeddable":true,"href":"https:\/\/sucurriculum.com\/noticias\/wp-json\/wp\/v2\/media\/5668"}],"wp:attachment":[{"href":"https:\/\/sucurriculum.com\/noticias\/wp-json\/wp\/v2\/media?parent=5667"}],"wp:term":[{"taxonomy":"category","embeddable":true,"href":"https:\/\/sucurriculum.com\/noticias\/wp-json\/wp\/v2\/categories?post=5667"},{"taxonomy":"post_tag","embeddable":true,"href":"https:\/\/sucurriculum.com\/noticias\/wp-json\/wp\/v2\/tags?post=5667"}],"curies":[{"name":"wp","href":"https:\/\/api.w.org\/{rel}","templated":true}]}}