{"id":5664,"date":"2021-12-27T11:15:05","date_gmt":"2021-12-27T10:15:05","guid":{"rendered":"https:\/\/sucurriculum.com\/noticias\/?p=5664"},"modified":"2021-12-27T11:15:06","modified_gmt":"2021-12-27T10:15:06","slug":"subidas-mas-importantes-de-las-cuotas-de-autonomos-en-2022","status":"publish","type":"post","link":"https:\/\/sucurriculum.com\/noticias\/subidas-mas-importantes-de-las-cuotas-de-autonomos-en-2022\/","title":{"rendered":"Subidas m\u00e1s importantes de las cuotas de aut\u00f3nomos en 2022"},"content":{"rendered":"\n<p>Cerca de la mitad de los trabajadores por cuenta propia en Espa\u00f1a no espera haber recuperado el nivel de actividad previo a la pandemia del covid hasta 2023, seg\u00fan las conclusiones del XIII Bar\u00f3metro elaborado por la Federaci\u00f3n Nacional de Asociaciones de Trabajadores Aut\u00f3nomos (ATA).<\/p>\n\n\n\n<p>En este sentido, el proyecto de Presupuestos Generales del Estado (PGE) para el a\u00f1o 2022 prev\u00e9 un aumento de las cuotas mensuales y de la base de cotizaci\u00f3n para trabajadores y trabajadoras por cuenta propia de cara al pr\u00f3ximo a\u00f1o. Un hecho que ha generado cierta pol\u00e9mica entre las asociaciones y organizaciones de aut\u00f3nomos en Espa\u00f1a.<\/p>\n\n\n\n<p>\u00ab2021 termina complicado, con una situaci\u00f3n de los aut\u00f3nomos que, aunque ha mejorado, es muy compleja para muchos de ellos\u00bb, ha se\u00f1alado el presidente de ATA, Lorenzo Amor, quien adem\u00e1s ha destacado que \u00ablas heridas que ha dejado la crisis todav\u00eda son patentes\u00bb.<\/p>\n\n\n\n<h6 class=\"wp-block-heading\">Un incremento de 8 euros mensuales en la cuota<\/h6>\n\n\n\n<p>As\u00ed, se incrementar\u00e1 la base de cotizaci\u00f3n m\u00ednima a 960,60 euros y el tipo fijado pasar\u00eda de del 30,6% al 30,9%. En este sentido, los 1,8 millones de aut\u00f3nomos que cotizan por la base m\u00ednima tendr\u00edan que pagar ocho euros m\u00e1s de forma mensual en su cuota.<\/p>\n\n\n\n<p>De tal manera que pasar\u00edan de los 286 euros actuales a los 293,76 euros previstos para las cuotas del pr\u00f3ximo curso. Este hecho ha provocado controversia entre los propios trabajadores.<\/p>\n\n\n\n<p>\u00abEsto va a provocar que un aut\u00f3nomo va a tener que pagar entre 96 y 225 euros m\u00e1s el pr\u00f3ximo a\u00f1o, seg\u00fan si es persona f\u00edsica o aut\u00f3nomo societario\u00bb, denunciaba Lorenzo Amor en octubre de este mismo a\u00f1o. Asimismo, desde ATA expon\u00edan c\u00f3mo quedar\u00edan las cuotas para aut\u00f3nomos este 2022:<\/p>\n\n\n\n<figure class=\"wp-block-embed is-type-rich is-provider-twitter wp-block-embed-twitter\"><div class=\"wp-block-embed__wrapper\">\n<blockquote class=\"twitter-tweet\" data-width=\"550\" data-dnt=\"true\"><p lang=\"es\" dir=\"ltr\">As\u00ed quedar\u00e1n las cuotas de <a href=\"https:\/\/twitter.com\/hashtag\/aut%C3%B3nomos?src=hash&amp;ref_src=twsrc%5Etfw\">#aut\u00f3nomos<\/a> en 2022.<br>Desde el 1 de enero, seg\u00fan los PGE, est\u00e1s ser\u00e1n las bases m\u00ednimas y las cuotas correspondientes.<a href=\"https:\/\/twitter.com\/hashtag\/aut%C3%B3nomas?src=hash&amp;ref_src=twsrc%5Etfw\">#aut\u00f3nomas<\/a> <a href=\"https:\/\/t.co\/oPUW2bWf9O\">pic.twitter.com\/oPUW2bWf9O<\/a><\/p>&mdash; Fed. Aut\u00f3nomos \ud835\uddd4\ud835\udde7\ud835\uddd4 (@autonomosata) <a href=\"https:\/\/twitter.com\/autonomosata\/status\/1448611619437781002?ref_src=twsrc%5Etfw\">October 14, 2021<\/a><\/blockquote><script async src=\"https:\/\/platform.twitter.com\/widgets.js\" charset=\"utf-8\"><\/script>\n<\/div><\/figure>\n","protected":false},"excerpt":{"rendered":"<p>Cerca de la mitad de los trabajadores por cuenta propia en Espa\u00f1a no espera haber recuperado el nivel de actividad previo a la pandemia del covid hasta 2023.<\/p>\n","protected":false},"author":2,"featured_media":5665,"comment_status":"open","ping_status":"open","sticky":false,"template":"","format":"standard","meta":{"footnotes":""},"categories":[66],"tags":[2031,188,2068,2900,311],"class_list":["post-5664","post","type-post","status-publish","format-standard","has-post-thumbnail","hentry","category-noticias-actualidad","tag-2031","tag-autonomos","tag-cuotas","tag-importantes","tag-subidas"],"amp_enabled":true,"_links":{"self":[{"href":"https:\/\/sucurriculum.com\/noticias\/wp-json\/wp\/v2\/posts\/5664","targetHints":{"allow":["GET"]}}],"collection":[{"href":"https:\/\/sucurriculum.com\/noticias\/wp-json\/wp\/v2\/posts"}],"about":[{"href":"https:\/\/sucurriculum.com\/noticias\/wp-json\/wp\/v2\/types\/post"}],"author":[{"embeddable":true,"href":"https:\/\/sucurriculum.com\/noticias\/wp-json\/wp\/v2\/users\/2"}],"replies":[{"embeddable":true,"href":"https:\/\/sucurriculum.com\/noticias\/wp-json\/wp\/v2\/comments?post=5664"}],"version-history":[{"count":1,"href":"https:\/\/sucurriculum.com\/noticias\/wp-json\/wp\/v2\/posts\/5664\/revisions"}],"predecessor-version":[{"id":5666,"href":"https:\/\/sucurriculum.com\/noticias\/wp-json\/wp\/v2\/posts\/5664\/revisions\/5666"}],"wp:featuredmedia":[{"embeddable":true,"href":"https:\/\/sucurriculum.com\/noticias\/wp-json\/wp\/v2\/media\/5665"}],"wp:attachment":[{"href":"https:\/\/sucurriculum.com\/noticias\/wp-json\/wp\/v2\/media?parent=5664"}],"wp:term":[{"taxonomy":"category","embeddable":true,"href":"https:\/\/sucurriculum.com\/noticias\/wp-json\/wp\/v2\/categories?post=5664"},{"taxonomy":"post_tag","embeddable":true,"href":"https:\/\/sucurriculum.com\/noticias\/wp-json\/wp\/v2\/tags?post=5664"}],"curies":[{"name":"wp","href":"https:\/\/api.w.org\/{rel}","templated":true}]}}