{"id":5655,"date":"2021-12-24T11:36:17","date_gmt":"2021-12-24T10:36:17","guid":{"rendered":"https:\/\/sucurriculum.com\/noticias\/?p=5655"},"modified":"2021-12-24T11:36:18","modified_gmt":"2021-12-24T10:36:18","slug":"mas-de-seis-millones-para-promover-el-empleo-en-castilla-y-leon","status":"publish","type":"post","link":"https:\/\/sucurriculum.com\/noticias\/mas-de-seis-millones-para-promover-el-empleo-en-castilla-y-leon\/","title":{"rendered":"M\u00e1s de seis millones para promover el empleo en Castilla y Le\u00f3n"},"content":{"rendered":"\n<p>La Consejer\u00eda de Empleo e Industria, a trav\u00e9s del Servicio P\u00fablico de Empleo de Castilla y Le\u00f3n (Ecyl), ha publicado este jueves 23 de diciembre en el Boletin Oficial de Castilla y Le\u00f3n (Bocyl) la convocatoria de subvenciones correspondientes al \u201cPrograma de primera experiencia profesional en las administraciones p\u00fablicas\u201d.<\/p>\n\n\n\n<p>Este programa se enmarca en el Plan de Recuperaci\u00f3n, Transformaci\u00f3n y Resiliencia, financiado por los fondos Next Generation de la Uni\u00f3n Europea, y tiene como finalidad proporcionar a las personas j\u00f3venes desempleadas la primera experiencia profesional a trav\u00e9s de un contrato de pr\u00e1cticas en los municipios de m\u00e1s de 5.000 habitantes.<\/p>\n\n\n\n<p>La convocatoria cuenta con un presupuesto de 6.389.273 euros y permitir\u00e1 financiar la contrataci\u00f3n de unos 200 j\u00f3venes mayores de 16 a\u00f1os y menores de 30 a\u00f1os por parte de los ayuntamientos de Castilla y Le\u00f3n con una poblaci\u00f3n de m\u00e1s de 5.000 habitantes. El objetivo es que estos j\u00f3venes puedan adquirir, a trav\u00e9s del trabajo desarrollado en las entidades locales, competencias y habilidades sociales y profesionales que faciliten su incorporaci\u00f3n posterior al mercado laboral.<\/p>\n\n\n\n<p>Los contratos en pr\u00e1cticas subvencionados podr\u00e1n concertarse con los j\u00f3venes que hayan completado y acreditado su etapa formativa. En este sentido, ir\u00e1n dirigidos a las personas j\u00f3venes que, reuniendo los requisitos de edad indicados, est\u00e9n en posesi\u00f3n de alguno de los siguientes t\u00edtulos: universitario, formaci\u00f3n profesional de grado medio o superior, (o equivalente), o certificado de profesionalidad que habiliten para el ejercicio profesional. La titulaci\u00f3n habr\u00e1 de haberse obtenido dentro de los cinco a\u00f1os anteriores, o de siete a\u00f1os cuando el contrato se concierte con un trabajador con discapacidad,<\/p>\n\n\n\n<p>Para la financiaci\u00f3n de estos contratos, los ayuntamientos beneficiarios contar\u00e1n con una subvenci\u00f3n destinada a compensar los costes salariales, que oscilar\u00e1 entre los 21.405 euros por a\u00f1o de contrataci\u00f3n y los 32.108 euros, en funci\u00f3n del grupo de cotizaci\u00f3n de la Seguridad Social al que pertenezca el contrato. Adem\u00e1s, recibir\u00e1n otra ayuda, de entre 369 y 553 euros por trabajador y a\u00f1o que ir\u00e1 destinada a financiar los Equipos de Protecci\u00f3n Individual (EPI). Por \u00faltimo, contar\u00e1n con una subvenci\u00f3n de 1.000 euros por contrato para compensar las ayudas al desplazamiento.<\/p>\n\n\n\n<p>La duraci\u00f3n de los contratos ser\u00e1 de un m\u00e1ximo de 12 meses y un m\u00ednimo de 10 y la jornada de trabajo, a tiempo completo.<\/p>\n\n\n\n<p>Las ayudas se convocan en r\u00e9gimen de concurrencia no competitiva y se resolver\u00e1n atendiendo al orden de presentaci\u00f3n de solicitudes. Los fondos disponibles se distribuir\u00e1n en tres l\u00edneas. Un 20 por ciento se asigna a la l\u00ednea de empleos verdes destinados a realizar tareas que contribuyan a preservar y restaurar el medio ambiente; otro 20 por ciento de los fondos se destinar\u00e1 a financiar empleos en competencias digitales y el 60 por ciento restante a la l\u00ednea de empleo general.<\/p>\n\n\n\n<p>Los ayuntamientos interesados podr\u00e1n presentar la solicitud en el plazo de tres meses computados desde el d\u00eda siguiente a la publicaci\u00f3n del extracto de la convocatoria en el Bolet\u00edn Oficial de Castilla y Le\u00f3n.<\/p>\n","protected":false},"excerpt":{"rendered":"<p>Este programa tiene como finalidad proporcionar a las personas j\u00f3venes desempleadas la primera experiencia profesional.<\/p>\n","protected":false},"author":2,"featured_media":5656,"comment_status":"open","ping_status":"open","sticky":false,"template":"","format":"standard","meta":{"footnotes":""},"categories":[2],"tags":[388,137,1157,40,2899,704],"class_list":["post-5655","post","type-post","status-publish","format-standard","has-post-thumbnail","hentry","category-noticias","tag-castilla","tag-empleo","tag-leon-2","tag-millones","tag-promover","tag-seis"],"amp_enabled":true,"_links":{"self":[{"href":"https:\/\/sucurriculum.com\/noticias\/wp-json\/wp\/v2\/posts\/5655","targetHints":{"allow":["GET"]}}],"collection":[{"href":"https:\/\/sucurriculum.com\/noticias\/wp-json\/wp\/v2\/posts"}],"about":[{"href":"https:\/\/sucurriculum.com\/noticias\/wp-json\/wp\/v2\/types\/post"}],"author":[{"embeddable":true,"href":"https:\/\/sucurriculum.com\/noticias\/wp-json\/wp\/v2\/users\/2"}],"replies":[{"embeddable":true,"href":"https:\/\/sucurriculum.com\/noticias\/wp-json\/wp\/v2\/comments?post=5655"}],"version-history":[{"count":1,"href":"https:\/\/sucurriculum.com\/noticias\/wp-json\/wp\/v2\/posts\/5655\/revisions"}],"predecessor-version":[{"id":5657,"href":"https:\/\/sucurriculum.com\/noticias\/wp-json\/wp\/v2\/posts\/5655\/revisions\/5657"}],"wp:featuredmedia":[{"embeddable":true,"href":"https:\/\/sucurriculum.com\/noticias\/wp-json\/wp\/v2\/media\/5656"}],"wp:attachment":[{"href":"https:\/\/sucurriculum.com\/noticias\/wp-json\/wp\/v2\/media?parent=5655"}],"wp:term":[{"taxonomy":"category","embeddable":true,"href":"https:\/\/sucurriculum.com\/noticias\/wp-json\/wp\/v2\/categories?post=5655"},{"taxonomy":"post_tag","embeddable":true,"href":"https:\/\/sucurriculum.com\/noticias\/wp-json\/wp\/v2\/tags?post=5655"}],"curies":[{"name":"wp","href":"https:\/\/api.w.org\/{rel}","templated":true}]}}