{"id":5563,"date":"2021-12-03T11:12:48","date_gmt":"2021-12-03T10:12:48","guid":{"rendered":"https:\/\/sucurriculum.com\/noticias\/?p=5563"},"modified":"2021-12-03T11:12:49","modified_gmt":"2021-12-03T10:12:49","slug":"se-abre-el-debate-sobre-la-vacunacion-obligatoria","status":"publish","type":"post","link":"https:\/\/sucurriculum.com\/noticias\/se-abre-el-debate-sobre-la-vacunacion-obligatoria\/","title":{"rendered":"Se abre el debate sobre la vacunaci\u00f3n obligatoria"},"content":{"rendered":"\n<p>La presidenta de la Comisi\u00f3n Europea, Ursula von der Leyen, ha abierto esta ma\u00f1ana la puerta a la vacunaci\u00f3n obligatoria en los pa\u00edses europeos, teniendo en cuenta que la tasa de inmunizados no llega al 70%. La propia presidenta del Ejecutivo comunitario es consciente de lo sensible de este debate y por eso, al ser preguntada en rueda de prensa, ha matizado que se trata de una opini\u00f3n personal ya que las competencias sanitarias recaen en las autoridades nacionales.<\/p>\n\n\n\n<p>\u201cEso necesita discusi\u00f3n y un enfoque com\u00fan, pero es una discusi\u00f3n que hay que tener\u201d, ha asegurado la presidenta del Ejecutivo comunitario. Austria ha sido el primer pa\u00eds europeo en obligar por ley a toda su poblaci\u00f3n a ser vacunada con multas de hasta 7.200 millones de euros a quienes rechacen recibir los ant\u00eddotos. La nueva legislaci\u00f3n entrar\u00e1 en vigor a partir del 22 de febrero para todas las personas que residen o viven de manera habitual en el pa\u00eds, aunque habr\u00e1 excepciones para quienes no puedan vacunarse por motivos de salud o edad. El pasado 22 de noviembre, Austria volvi\u00f3 al confinamiento debido a la explosi\u00f3n de contagios, pero est\u00e1 previsto que esta situaci\u00f3n termine el pr\u00f3ximo 13 de diciembre.<\/p>\n\n\n\n<p>Aunque Austria ha sido el primer pa\u00eds en tomar una medida tan dr\u00e1stica en cuanto a la obligatoriedad de la vacunaci\u00f3n, otros Estados est\u00e1n siguiendo la misma estela de manera m\u00e1s comedida. Italia tambi\u00e9n ha impuesto la inmunizaci\u00f3n obligatoria para todos los trabajadores ( con la salvedad de los aut\u00f3nomos que trabajen desde sus domicilios) y B\u00e9lgica y Francia han incluido a los profesionales sanitarios. El \u00faltimo pa\u00eds en unirse a esta tendencia ha sido Grecia. El primer ministro griego, Kuriakos Mitsotakis anunci\u00f3 este pasado martes que, a partir del 16 de enero, todos los mayores de 60 a\u00f1os deber\u00e1n recibir uno de los ant\u00eddotos aprobados. En caso de no cumplir esta nueva medida, este grupo de poblaci\u00f3n de riesgo deber\u00e1 afrontar una multa de 100 euros. El dinero recaudado se destinar\u00e1 a un fondo especial para financiar los hospitales p\u00fablicos.<\/p>\n\n\n\n<p>Adem\u00e1s, varios medios alemanes han informado de que el nuevo canciller alem\u00e1n, Olaf Scholz, es tambi\u00e9n partidario de la vacunaci\u00f3n obligatoria seg\u00fan manifest\u00f3 en una reuni\u00f3n de coordinaci\u00f3n con el gobierno saliente.<\/p>\n\n\n\n<p>La extensi\u00f3n de la variante Delta y el descubrimiento la pasada semana de la cepa bautizada como \u00f3micron han vuelto a desatar la inquietud en el club comunitario. Von der Leyen ha aprovechado su intervenci\u00f3n ante la prensa para recordar la importancia de acelerar el reforzamiento de la inmunidad con la tercera dosis y ha asegurado que el ant\u00eddoto de Pfizer para ni\u00f1os de 5 a 11 a\u00f1os estar\u00e1 disponible en los pa\u00edses europeos a partir del 13 de diciembre.<\/p>\n\n\n\n<p>Fuentes diplom\u00e1ticas explican que en los \u00faltimos d\u00edas ha habido contactos para la celebraci\u00f3n de una cumbre por videoconferencia de jefes de Estado y de Gobierno de los Veintisiete esta semana para coordinar medidas frente a la nueva cepa, pero esta posibilidad ha sido descartada ya que los l\u00edderes europeos aprovechar\u00e1n su cita los pr\u00f3ximos 16 y 17 de diciembre para tratar este tema.<\/p>\n\n\n\n<h6 class=\"wp-block-heading\">\u00bfCrees que los pa\u00edses pueden obligar a sus ciudadanos a vacunarse?<\/h6>\n","protected":false},"excerpt":{"rendered":"<p>Ursula von der Leyen, ha abierto esta ma\u00f1ana la puerta a la vacunaci\u00f3n obligatoria en los pa\u00edses europeos, ya que la tasa de inmunizados no llega al 70%.<\/p>\n","protected":false},"author":2,"featured_media":5564,"comment_status":"open","ping_status":"open","sticky":false,"template":"","format":"standard","meta":{"footnotes":""},"categories":[66],"tags":[2836,844,2837,2838],"class_list":["post-5563","post","type-post","status-publish","format-standard","has-post-thumbnail","hentry","category-noticias-actualidad","tag-debate","tag-obligatoria","tag-sobre","tag-vacunacion"],"amp_enabled":true,"_links":{"self":[{"href":"https:\/\/sucurriculum.com\/noticias\/wp-json\/wp\/v2\/posts\/5563","targetHints":{"allow":["GET"]}}],"collection":[{"href":"https:\/\/sucurriculum.com\/noticias\/wp-json\/wp\/v2\/posts"}],"about":[{"href":"https:\/\/sucurriculum.com\/noticias\/wp-json\/wp\/v2\/types\/post"}],"author":[{"embeddable":true,"href":"https:\/\/sucurriculum.com\/noticias\/wp-json\/wp\/v2\/users\/2"}],"replies":[{"embeddable":true,"href":"https:\/\/sucurriculum.com\/noticias\/wp-json\/wp\/v2\/comments?post=5563"}],"version-history":[{"count":1,"href":"https:\/\/sucurriculum.com\/noticias\/wp-json\/wp\/v2\/posts\/5563\/revisions"}],"predecessor-version":[{"id":5565,"href":"https:\/\/sucurriculum.com\/noticias\/wp-json\/wp\/v2\/posts\/5563\/revisions\/5565"}],"wp:featuredmedia":[{"embeddable":true,"href":"https:\/\/sucurriculum.com\/noticias\/wp-json\/wp\/v2\/media\/5564"}],"wp:attachment":[{"href":"https:\/\/sucurriculum.com\/noticias\/wp-json\/wp\/v2\/media?parent=5563"}],"wp:term":[{"taxonomy":"category","embeddable":true,"href":"https:\/\/sucurriculum.com\/noticias\/wp-json\/wp\/v2\/categories?post=5563"},{"taxonomy":"post_tag","embeddable":true,"href":"https:\/\/sucurriculum.com\/noticias\/wp-json\/wp\/v2\/tags?post=5563"}],"curies":[{"name":"wp","href":"https:\/\/api.w.org\/{rel}","templated":true}]}}