{"id":5549,"date":"2021-12-02T07:39:12","date_gmt":"2021-12-02T06:39:12","guid":{"rendered":"https:\/\/sucurriculum.com\/noticias\/?p=5549"},"modified":"2021-12-02T08:32:04","modified_gmt":"2021-12-02T07:32:04","slug":"kit-digital-claves-para-solicitar-estas-ayudas","status":"publish","type":"post","link":"https:\/\/sucurriculum.com\/noticias\/kit-digital-claves-para-solicitar-estas-ayudas\/","title":{"rendered":"Kit Digital, Claves para solicitar estas ayudas"},"content":{"rendered":"\n<p>El jueves de esta semana, la vicepresidenta primera del Gobierno y ministra de Asuntos Econ\u00f3micos, Nadia Calvi\u00f1o, present\u00f3 de forma oficial el programa &#8216;Digital Toolkit&#8217; (DTK) o Kit Digital para promover los procesos de digitalizaci\u00f3n de aut\u00f3nomos y peque\u00f1as y medianas empresas. Este programa, parte del Plan de Recuperaci\u00f3n, Transformaci\u00f3n y Resiliencia, comenzar\u00e1 a ejecutarse gradualmente a partir de Febrero y el Ejecutivo prev\u00e9 ejecutar toda la inversi\u00f3n antes de 2024.<\/p>\n\n\n\n<p>Todav\u00eda se desconoce cuando se publicar\u00e1 la primera convocatoria pero, en palabras de la vicepresidenta Calvi\u00f1o, estar\u00e1 lista \u00ablo antes posible\u00bb, debido a que se trata de un plan \u00absin precedentes\u00bb, ya que Espa\u00f1a nunca ha afrontado una inversi\u00f3n de esta \u00abenvergadura\u00bb.<\/p>\n\n\n\n<p>Esta inversi\u00f3n es imprescindible para un pa\u00eds como Espa\u00f1a, donde las pymes representan m\u00e1s del 95% del tejido empresarial espa\u00f1ol. En este contexto, el avance tecnol\u00f3gico de las peque\u00f1as y medianas empresas espa\u00f1olas es la asignatura pendiente del pa\u00eds. Seg\u00fan el \u00edndice DESI, un est\u00e1ndar europeo que mide a digitalizaci\u00f3n de los pa\u00edses, Espa\u00f1a ocupa la posici\u00f3n 16 de 27 en esta materia.<\/p>\n\n\n\n<h6 class=\"wp-block-heading\">\u00bfEn qu\u00e9 consiste el Kit Digital?<\/h6>\n\n\n\n<p>El &#8216;Digital Toolkit&#8217; nace para apoyar la transformaci\u00f3n digital de peque\u00f1as empresas, microempresas y aut\u00f3nomos y acompa\u00f1arles en la adopci\u00f3n de soluciones digitales que aumenten su nivel de madurez digital. Este programa programa est\u00e1 enmarcado dentro del Plan de Recuperaci\u00f3n, Transformaci\u00f3n y Resiliencia, la agenda Espa\u00f1a Digital 2025 y del Plan de Digitalizaci\u00f3n de Pymes.<\/p>\n\n\n\n<p>El programa est\u00e1 dotado con un presupuesto de 3.067 millones de euros, financiado por la Uni\u00f3n Europea a trav\u00e9s de los fondos Next Generation EU y tiene el objetivo de digitalizar a las pymes y aut\u00f3nomos de nuestro pa\u00eds.<\/p>\n\n\n\n<p>El DTK tiene como objetivo instrumentar la concesi\u00f3n de subvenciones a las empresas en concurrencia no competitiva, hasta agotar los fondos, para la implantaci\u00f3n de determinados paquetes b\u00e1sicos de digitalizaci\u00f3n, denominados Paquetes DTK, que les permitir\u00e1 un avance significativo en su Nivel de Madurez Digital.<\/p>\n\n\n\n<p>Tras una primera aproximaci\u00f3n por parte del Gobierno en la preparaci\u00f3n de este plan, se identificaron como paquetes m\u00e1s importantes los referentes a Marketing Digital, Comercio electr\u00f3nico y Administraci\u00f3n de empresa digital. No obstante, en la expresi\u00f3n de inter\u00e9s presentada se podr\u00e1n sugerir otros Paquetes DTK adicionales, incluso agregaciones de los mismos, justificando adecuadamente las razones por las que deber\u00eda tenerse en consideraci\u00f3n.<\/p>\n\n\n\n<p>El Paquete DTK podr\u00e1 modularse en niveles de complejidad: b\u00e1sico, medio, avanzado. A cada uno de ellos le corresponder\u00e1 un importe de subvenci\u00f3n fija, que podr\u00e1 modularse en funci\u00f3n de diversos criterios: tama\u00f1o de la empresa, el nivel de complejidad del paquete o el sector de actividad, etc. En principio, con el fin de lograr un uso eficaz de los recursos p\u00fablicos, se prev\u00e9 que la subvenci\u00f3n siempre sea inferior al coste m\u00ednimo de implantar el paquete. De esta forma, la diferencia hasta el coste de implantaci\u00f3n de la soluci\u00f3n elegida ser\u00e1 financiada por la empresa beneficiaria, creando incentivos para desplegarla activamente.<\/p>\n\n\n\n<h6 class=\"wp-block-heading\">\u00bfA qui\u00e9n se destinar\u00e1n las ayudas?<\/h6>\n\n\n\n<p>Con el fin de adecuar los servicios de digitalizaci\u00f3n a las especificidades de las empresas, se identifican dos tipos diferentes de beneficiarios, con necesidades y grado de digitalizaci\u00f3n diferente.<\/p>\n\n\n\n<p>Una vez se publique en los pr\u00f3ximos d\u00edas la orden de bases, que recoger\u00e1 el funcionamiento del programa, saldr\u00e1 una invitaci\u00f3n p\u00fablica para que los agentes digitalizadores puedan unirse al programa y ofertar sus soluciones. Posteriormente, hasta 2023, se lanzar\u00e1n las dos convocatorias de ayudas dirigidas a los diferentes segmentos de pymes y aut\u00f3nomos.<\/p>\n\n\n\n<p>Entre los dos grupos identificados por el Gobierno, tenemos por un lado, aproximadamente 145.000 peque\u00f1as empresas (10 a 49 empleados). En el otro grupo, se encuentran aproximadamente 1.100.000 microempresas (1 a 9 empleados) y los 1.600.000 trabajadores aut\u00f3nomos de Espa\u00f1a.<\/p>\n\n\n\n<h6 class=\"wp-block-heading\">\u00bfCu\u00e1l ser\u00e1 el proceso a seguir?<\/h6>\n\n\n\n<p>Para acceder a las soluciones digitales personalizadas, las empresas interesadas deber\u00e1n comprobar primero su nivel de digitalizaci\u00f3n a trav\u00e9s de un &#8216;test de autodiagn\u00f3stico&#8217;, puesto a su disposici\u00f3n en la plataforma Acelera Pyme. Tambi\u00e9n pueden acceder a toda la informaci\u00f3n y recibir asesoramiento en el tel\u00e9fono 900 909 001, o de forma presencial en las Oficinas Acelera Pyme de Espa\u00f1a.<\/p>\n\n\n\n<p>Para poder llegar a todas las empresas repartidas por nuestra geograf\u00eda, el Gobierno anunci\u00f3 la apertura de 50 oficinas Acelera Pyme para \u00e1mbitos rurales, que unidas a las 90 ya proyectadas conformar\u00e1n una red de 140 a finales de a\u00f1o, donde se asesorar\u00e1 a las empresas interesadas en el programa.<\/p>\n\n\n\n<h6 class=\"wp-block-heading\">\u00bfQui\u00e9n proveer\u00e1 de herramientas digitales a pymes y aut\u00f3nomos?<\/h6>\n\n\n\n<p>La orden de bases que regula el programa introduce medidas para evitar que las grandes empresas acaparen las ventas y obliga a que las empresas que facturen m\u00e1s de 100 millones de euros o tengan m\u00e1s de 1.000 empleados subcontraten el 50% de sus servicios en venta a pymes.<\/p>\n\n\n\n<p>Adem\u00e1s, los grandes proveedores tecnol\u00f3gicos como Amazon no podr\u00e1n vender directamente sus servicios, sino que tendr\u00e1n que hacerlo a trav\u00e9s de socios locales.<\/p>\n\n\n\n<p>De este modo, los servicios podr\u00e1n ser contratados desde febrero a trav\u00e9s de las empresas que se inscriban en el portal Acelera Pyme. Estas podr\u00e1n vender servicios y canalizar la petici\u00f3n de la subvenci\u00f3n.<\/p>\n","protected":false},"excerpt":{"rendered":"<p>El &#8216;Digital Toolkit&#8217; nace para apoyar la transformaci\u00f3n digital de peque\u00f1as empresas, microempresas y aut\u00f3nomos.<\/p>\n","protected":false},"author":2,"featured_media":5552,"comment_status":"open","ping_status":"open","sticky":false,"template":"","format":"standard","meta":{"footnotes":""},"categories":[35],"tags":[37,2829,2418,2828,187],"class_list":["post-5549","post","type-post","status-publish","format-standard","has-post-thumbnail","hentry","category-ayudas","tag-ayudas","tag-claves","tag-digital","tag-kit","tag-solicitar"],"amp_enabled":true,"_links":{"self":[{"href":"https:\/\/sucurriculum.com\/noticias\/wp-json\/wp\/v2\/posts\/5549","targetHints":{"allow":["GET"]}}],"collection":[{"href":"https:\/\/sucurriculum.com\/noticias\/wp-json\/wp\/v2\/posts"}],"about":[{"href":"https:\/\/sucurriculum.com\/noticias\/wp-json\/wp\/v2\/types\/post"}],"author":[{"embeddable":true,"href":"https:\/\/sucurriculum.com\/noticias\/wp-json\/wp\/v2\/users\/2"}],"replies":[{"embeddable":true,"href":"https:\/\/sucurriculum.com\/noticias\/wp-json\/wp\/v2\/comments?post=5549"}],"version-history":[{"count":2,"href":"https:\/\/sucurriculum.com\/noticias\/wp-json\/wp\/v2\/posts\/5549\/revisions"}],"predecessor-version":[{"id":5556,"href":"https:\/\/sucurriculum.com\/noticias\/wp-json\/wp\/v2\/posts\/5549\/revisions\/5556"}],"wp:featuredmedia":[{"embeddable":true,"href":"https:\/\/sucurriculum.com\/noticias\/wp-json\/wp\/v2\/media\/5552"}],"wp:attachment":[{"href":"https:\/\/sucurriculum.com\/noticias\/wp-json\/wp\/v2\/media?parent=5549"}],"wp:term":[{"taxonomy":"category","embeddable":true,"href":"https:\/\/sucurriculum.com\/noticias\/wp-json\/wp\/v2\/categories?post=5549"},{"taxonomy":"post_tag","embeddable":true,"href":"https:\/\/sucurriculum.com\/noticias\/wp-json\/wp\/v2\/tags?post=5549"}],"curies":[{"name":"wp","href":"https:\/\/api.w.org\/{rel}","templated":true}]}}