{"id":5541,"date":"2021-11-30T13:22:30","date_gmt":"2021-11-30T12:22:30","guid":{"rendered":"https:\/\/sucurriculum.com\/noticias\/?p=5541"},"modified":"2021-11-30T13:22:31","modified_gmt":"2021-11-30T12:22:31","slug":"el-precio-de-la-luz-vuelve-a-dispararse-y-alcanzara-este-martes-maximo-historico","status":"publish","type":"post","link":"https:\/\/sucurriculum.com\/noticias\/el-precio-de-la-luz-vuelve-a-dispararse-y-alcanzara-este-martes-maximo-historico\/","title":{"rendered":"El precio de la luz vuelve a dispararse y alcanzar\u00e1 este martes m\u00e1ximo hist\u00f3rico"},"content":{"rendered":"\n<p>La electricidad alcanzar\u00e1 este martes en el mercado mayorista un precio medio de 274,56 euros por megavatio hora (MWh), el segundo m\u00e1ximo hist\u00f3rico, seg\u00fan los datos publicados por el Operador del Mercado Ib\u00e9rico de Energ\u00eda (OMIE). La tarifa de este martes solo fue superada el pasado 7 de octubre, cuando lleg\u00f3 a los 288,53 euros el MWh. As\u00ed, noviembre cerrar\u00e1 con el precio diario m\u00e1s alto en lo que va de mes y encadenando 13 d\u00edas por encima de los 200 euros el MWh El mercado el\u00e9ctrico cierra este mes con una media de 193 euros el MWh, superado solo por el r\u00e9cord de octubre, cuando se rondaron los 200 euros el MWh.<\/p>\n\n\n\n<p>En t\u00e9rminos anuales, el precio de este 30 de noviembre multiplicar\u00e1 por m\u00e1s de cinco los 52,23 euros el MWh en que se situ\u00f3 en el mismo d\u00eda de 2020. Por franjas horarias, el precio m\u00e1ximo se dar\u00e1 entre las siete y las ocho de la tarde, cuando superar\u00e1 los 309 euros el MWh. En cambio, el precio m\u00ednimo se registrar\u00e1 entre las cinco y las seis de la ma\u00f1ana, cuando el MWh costar\u00e1 220,12 euros.<\/p>\n\n\n\n<p>Este encarecimiento en los \u00faltimos meses en el mercado el\u00e9ctrico se debe, principalmente, a los altos precios del gas en los mercados y de los derechos de emisi\u00f3n de di\u00f3xido de carbono (CO2), en m\u00e1ximos hist\u00f3ricos este a\u00f1o. El mercado el\u00e9ctrico vive desde el pasado verano una tendencia alcista en sus precios que le ha llevado, pr\u00e1cticamente, a superar cada mes su r\u00e9cord. En julio la media se situ\u00f3 en los 92,42 euros el MWh, valor que fue superado en agosto (105,94 euros el MWh), septiembre (156,14 euros el MWh) y octubre (199,9 euros el MWh). La evoluci\u00f3n de este indicador tiene un impacto directo sobre las facturas de 11 millones de consumidores, aquellos que permanecen en el mercado regulado, y sirve de referencia para los otros 17 millones que tienen contratado su suministro en el mercado libre.<\/p>\n","protected":false},"excerpt":{"rendered":"<p>La electricidad alcanzar\u00e1 este martes en el mercado mayorista un precio medio de 274,56 euros por megavatio hora (MWh).<\/p>\n","protected":false},"author":2,"featured_media":5542,"comment_status":"open","ping_status":"open","sticky":false,"template":"","format":"standard","meta":{"footnotes":""},"categories":[66],"tags":[1258,7,2825,478],"class_list":["post-5541","post","type-post","status-publish","format-standard","has-post-thumbnail","hentry","category-noticias-actualidad","tag-historico","tag-luz","tag-maximo","tag-precio"],"amp_enabled":true,"_links":{"self":[{"href":"https:\/\/sucurriculum.com\/noticias\/wp-json\/wp\/v2\/posts\/5541","targetHints":{"allow":["GET"]}}],"collection":[{"href":"https:\/\/sucurriculum.com\/noticias\/wp-json\/wp\/v2\/posts"}],"about":[{"href":"https:\/\/sucurriculum.com\/noticias\/wp-json\/wp\/v2\/types\/post"}],"author":[{"embeddable":true,"href":"https:\/\/sucurriculum.com\/noticias\/wp-json\/wp\/v2\/users\/2"}],"replies":[{"embeddable":true,"href":"https:\/\/sucurriculum.com\/noticias\/wp-json\/wp\/v2\/comments?post=5541"}],"version-history":[{"count":2,"href":"https:\/\/sucurriculum.com\/noticias\/wp-json\/wp\/v2\/posts\/5541\/revisions"}],"predecessor-version":[{"id":5544,"href":"https:\/\/sucurriculum.com\/noticias\/wp-json\/wp\/v2\/posts\/5541\/revisions\/5544"}],"wp:featuredmedia":[{"embeddable":true,"href":"https:\/\/sucurriculum.com\/noticias\/wp-json\/wp\/v2\/media\/5542"}],"wp:attachment":[{"href":"https:\/\/sucurriculum.com\/noticias\/wp-json\/wp\/v2\/media?parent=5541"}],"wp:term":[{"taxonomy":"category","embeddable":true,"href":"https:\/\/sucurriculum.com\/noticias\/wp-json\/wp\/v2\/categories?post=5541"},{"taxonomy":"post_tag","embeddable":true,"href":"https:\/\/sucurriculum.com\/noticias\/wp-json\/wp\/v2\/tags?post=5541"}],"curies":[{"name":"wp","href":"https:\/\/api.w.org\/{rel}","templated":true}]}}