{"id":5520,"date":"2021-11-24T10:48:46","date_gmt":"2021-11-24T09:48:46","guid":{"rendered":"https:\/\/sucurriculum.com\/noticias\/?p=5520"},"modified":"2021-11-24T10:48:46","modified_gmt":"2021-11-24T09:48:46","slug":"que-los-empresarios-quieren-exportar-a-espana","status":"publish","type":"post","link":"https:\/\/sucurriculum.com\/noticias\/que-los-empresarios-quieren-exportar-a-espana\/","title":{"rendered":"&#8230;Que los empresarios quieren exportar a Espa\u00f1a"},"content":{"rendered":"\n<p>El de las pensiones est\u00e1 siendo quiz\u00e1s el debate m\u00e1s relevante que se est\u00e1 abordando en Espa\u00f1a en las \u00faltimas semanas dada la reforma del sistema que plantea el Gobierno de coalici\u00f3n. De hecho, el C\u00edrculo de Empresarios ha propuesto implantar un modelo de \u00abcuentas nocionales\u00bb similar al que rige en Suecia y fomentar las alternativas de ahorro privado, como los planes de pensiones, para garantizar la sostenibilidad del sistema. Pero, \u00bfcu\u00e1les son las claves del sistema sueco, que se ha convertido para muchos en una referencia?<\/p>\n\n\n\n<p>Se trata de un sistema mixto, pues combina aportaciones p\u00fablicas y privadas a las pensiones. Hay una parte que se forma a trav\u00e9s de las cotizaciones, igual que en Espa\u00f1a, y por otro incluye un sistema de capitalizaci\u00f3n. <strong>Recibes en funci\u00f3n de lo que aportas, por lo que no hay una edad fija de jubilaci\u00f3n, sino que una persona se jubila en el momento que quiere y lo elige en funci\u00f3n de si le compensa o no a nivel de pensi\u00f3n.<\/strong><\/p>\n\n\n\n<p>El C\u00edrculo de Empresarios propone retrasar la jubilaci\u00f3n a los 70 a\u00f1os y adoptar el modelo sueco de pensiones<br>Desde BBVA aseguran que en Espa\u00f1a \u00abpodemos hacer ese salto e imaginar de la manera m\u00e1s realista posible c\u00f3mo y bajo qu\u00e9 condiciones ser\u00eda posible trasladar al caso espa\u00f1ol la experiencia sueca, adaptada a la realidad espa\u00f1ola\u00bb, por lo que un trasvase \u00abtal cual\u00bb no ser\u00eda posible, pero s\u00ed se trata de un modelo que, seg\u00fan muchos expertos, se puede articular en nuestro pa\u00eds.<\/p>\n\n\n\n<p>El sistema sueco de pensiones se apoya sobre tres pilares: cuentas nocionales individuales de aportaci\u00f3n definida, que es la parte p\u00fablica, donde se incluyen las cotizaciones realizadas por el trabajador. Para calcular esa parte de la pensi\u00f3n se divide el capital acumulado entre la esperanza de vida media de su generaci\u00f3n. El segundo pilar es la parte privada, es decir, las aportaciones de cada trabajador. El tercero es un sistema privado de empleo, que generalmente cubre a nueve de cada diez empleados.<\/p>\n\n\n\n<p><strong>Es un sistema que ya lleva casi tres d\u00e9cadas implantado. El primer planteamiento para llevarlo adelante se produjo en 1992 y se legisl\u00f3 en 1994. Desde entonces se mantiene como uno de los modelos m\u00e1s exitosos en Europa<\/strong>. Los expertos ven como una ventaja que es un sistema \u00abflexible\u00bb y que asegura la \u00abigualdad intergeneracional\u00bb, precisamente algo que busca el Gobierno de coalici\u00f3n con la reforma que ha planteado. Para muchos, como el C\u00edrculo de Empresarios, el cambio y la apuesta por el modelo sueco \u00abno solo es posible, sino que tambi\u00e9n es necesario\u00bb.<\/p>\n\n\n\n<h6 class=\"wp-block-heading\">\u00bfQue opinas sobre este sistema de pensiones? \u00bfLo ves como una posible soluci\u00f3n para nuestro pa\u00eds? \u00bfCrees que es mas equitativo? D\u00e9janos tu opini\u00f3n.<\/h6>\n","protected":false},"excerpt":{"rendered":"<p>Se trata de un sistema mixto, pues combina aportaciones p\u00fablicas y privadas a las pensiones. <\/p>\n","protected":false},"author":2,"featured_media":5521,"comment_status":"open","ping_status":"open","sticky":false,"template":"","format":"standard","meta":{"footnotes":""},"categories":[66],"tags":[106,21,2812,548,1786,2811],"class_list":["post-5520","post","type-post","status-publish","format-standard","has-post-thumbnail","hentry","category-noticias-actualidad","tag-empresarios","tag-espana","tag-exportar","tag-pensiones","tag-sistema","tag-sueco"],"amp_enabled":true,"_links":{"self":[{"href":"https:\/\/sucurriculum.com\/noticias\/wp-json\/wp\/v2\/posts\/5520","targetHints":{"allow":["GET"]}}],"collection":[{"href":"https:\/\/sucurriculum.com\/noticias\/wp-json\/wp\/v2\/posts"}],"about":[{"href":"https:\/\/sucurriculum.com\/noticias\/wp-json\/wp\/v2\/types\/post"}],"author":[{"embeddable":true,"href":"https:\/\/sucurriculum.com\/noticias\/wp-json\/wp\/v2\/users\/2"}],"replies":[{"embeddable":true,"href":"https:\/\/sucurriculum.com\/noticias\/wp-json\/wp\/v2\/comments?post=5520"}],"version-history":[{"count":1,"href":"https:\/\/sucurriculum.com\/noticias\/wp-json\/wp\/v2\/posts\/5520\/revisions"}],"predecessor-version":[{"id":5522,"href":"https:\/\/sucurriculum.com\/noticias\/wp-json\/wp\/v2\/posts\/5520\/revisions\/5522"}],"wp:featuredmedia":[{"embeddable":true,"href":"https:\/\/sucurriculum.com\/noticias\/wp-json\/wp\/v2\/media\/5521"}],"wp:attachment":[{"href":"https:\/\/sucurriculum.com\/noticias\/wp-json\/wp\/v2\/media?parent=5520"}],"wp:term":[{"taxonomy":"category","embeddable":true,"href":"https:\/\/sucurriculum.com\/noticias\/wp-json\/wp\/v2\/categories?post=5520"},{"taxonomy":"post_tag","embeddable":true,"href":"https:\/\/sucurriculum.com\/noticias\/wp-json\/wp\/v2\/tags?post=5520"}],"curies":[{"name":"wp","href":"https:\/\/api.w.org\/{rel}","templated":true}]}}