{"id":5517,"date":"2021-11-24T10:27:29","date_gmt":"2021-11-24T09:27:29","guid":{"rendered":"https:\/\/sucurriculum.com\/noticias\/?p=5517"},"modified":"2021-11-24T10:27:29","modified_gmt":"2021-11-24T09:27:29","slug":"las-ccaa-denuncian-la-falta-de-agilidad-ante-otra-ola-de-la-pandemia","status":"publish","type":"post","link":"https:\/\/sucurriculum.com\/noticias\/las-ccaa-denuncian-la-falta-de-agilidad-ante-otra-ola-de-la-pandemia\/","title":{"rendered":"Las CCAA denuncian la falta de agilidad ante otra ola de la pandemia"},"content":{"rendered":"\n<p>En mayo de 2020, en plena primera ola del coronavirus y en pleno estado de alarma, la por entonces vicepresidenta del Gobierno, Carmen Calvo, se comprometi\u00f3 con Ciudadanos a aprobar una ley con herramientas jur\u00eddicas para que las comunidades aut\u00f3nomas pudieran actuar con agilidad en la pandemia, sin tener que validar en los tribunales cada restricci\u00f3n y sin necesidad de recurrir al estado de alarma. Un a\u00f1o y medio despu\u00e9s, no hay ni rastro de esa normativa, a pesar de que el Gobierno tambi\u00e9n se la prometi\u00f3 al PP en los Pactos de Reconstrucci\u00f3n que se cerraron en julio de 2020 en el Congreso.<\/p>\n\n\n\n<p>Desde entonces, las cinco autonom\u00edas que gobierna el PP (Madrid, Galicia, Andaluc\u00eda, Murcia y Castilla y Le\u00f3n) reclaman ese \u00abparaguas jur\u00eddico\u00bb. Pero no s\u00f3lo ellas: algunas de las m\u00e1s destacadas comunidades que capitanea el PSOE piden ahora tambi\u00e9n una ley de pandemias para atajar una posible sexta ola y, sobre todo, para estar preparadas para el futuro.<\/p>\n\n\n\n<p>Castilla-La Mancha, Arag\u00f3n o Extremadura se abren a esta norma nacional para dotar a las regiones de herramientas. En Catalu\u00f1a, el pasaporte Covid ya est\u00e1 vigente para el ocio nocturno y podr\u00eda extenderse a otros sectores econ\u00f3micos si la situaci\u00f3n epidemiol\u00f3gica empeora. La norma ya est\u00e1 aprobada para los bares de copas y las discotecas de Baleares. Y Comunidad Valenciana, Canarias y Navarra quieren implantar la medida para conjurar la sexta ola.<\/p>\n\n\n\n<p>La mayor\u00eda de los gobiernos regionales reclama un consenso nacional que evite que sigan al albur de los tribunales. Incluso el Pa\u00eds Vasco se ha sumado a la petici\u00f3n de que se exija el certificado digital de vacunaci\u00f3n para acceder a la hosteler\u00eda y al ocio nocturno. \u00bfPor qu\u00e9?: m\u00e1s del 60% de los ingresados en los hospitales por coronavirus son personas no vacunadas. Y eso que este colectivo representa s\u00f3lo el 10% de la poblaci\u00f3n diana.<\/p>\n\n\n\n<p>CASTILLA-LA MANCHA. Es muy clara a la hora de pedir una ley de pandemias. \u00abCuanto m\u00e1s nacional sea la cosa, mejor: necesitamos un paraguas jur\u00eddico, pero sin sobreactuar. Y, sobre todo, necesitamos que se haga un an\u00e1lisis conjunto objetivable\u00bb. \u00abCada comunidad debe, a trav\u00e9s del Consejo Interterritorial, ayudar a tomar una posici\u00f3n conjunta\u00bb, a\u00f1aden en el equipo de Emiliano Garc\u00eda-Page.<\/p>\n\n\n\n<p>EXTREMADURA. La Junta tiene miedo de que haya una sexta ola: \u00abEl temor siempre existe\u00bb. \u00bfY los no vacunados deber\u00edan tener restricciones adicionales al resto? \u00abNo hay paraguas legal para hacer eso\u00bb, lamentan fuentes del Gobierno regional. Hay que recordar que Guillermo Fern\u00e1ndez Vara ya dijo que \u00abprobablemente\u00bb haya que \u00abajustar algunos elementos\u00bb referentes a las capacidades legales de las autonom\u00edas. Un plan B legal.<\/p>\n\n\n\n<p>ARAG\u00d3N. El equipo de Javier Lamb\u00e1n cree que \u00abhabr\u00e1 peque\u00f1as oleadas, con subidas y bajadas constantes, durante los pr\u00f3ximos meses\u00bb. Por ahora, y aunque \u00abse est\u00e1 vigilante\u00bb, la comunidad no plantea medidas restrictivas y apuesta por \u00abseguir incrementando la tasa de vacunaci\u00f3n entre la poblaci\u00f3n\u00bb. No obstante, el Gobierno aragon\u00e9s siempre ha sostenido que si la evoluci\u00f3n de la pandemia es mala \u00abplantear\u00edan\u00bb el marco de nuevas medidas legales supraauton\u00f3micas. Lamb\u00e1n ha pedido a la ministra de Sanidad, Carolina Darias, que implante el pasaporte Covid a nivel nacional para evitar el galimat\u00edas de otras olas.<\/p>\n\n\n\n<p>ASTURIAS. Aboga por \u00abponer en marcha todas las medidas necesarias\u00bb. \u00abEsperemos que no haya que tomar medidas que sean dar pasos atr\u00e1s, esperemos que todo funcione, pero tenemos que estar bien protegidos\u00bb para poder \u00abcelebrar las Navidades con nuestros familiares y allegados como nos merecemos\u00bb, asegura el consejero de Salud, Pablo Fern\u00e1ndez. \u00abEl riesgo existe. Tenemos que estar vigilando un aumento de incidencia\u00bb, dice.<\/p>\n\n\n\n<p>MADRID. Reclama un plan B jur\u00eddico para que las autonom\u00edas puedan adaptar sus restricciones. \u00abEl Gobierno central ha llegado tarde y mal a todo, y no ha sabido enviar los mensajes adecuados a la poblaci\u00f3n en cada momento. Ha estado pendiente de hacer pol\u00edtica en lugar de decidir y comunicar medidas atendiendo a criterios sanitarios\u00bb, lamentan en el Gobierno regional. En el equipo de Isabel D\u00edaz Ayuso piden que se desarrolle \u00abuna ley nacional para este tipo de situaciones\u00bb.<\/p>\n\n\n\n<p>GALICIA. \u00abLa situaci\u00f3n es de riesgo medio\u00bb, apuntan en la Xunta. \u00abEstamos vigilando la evoluci\u00f3n de la pandemia, ya que el incremento de contagios no ha parado de crecer en los \u00faltimos d\u00edas. Dada la evoluci\u00f3n al alza, los expertos ya nos empiezan advertir de que podemos estar ante una nueva ola\u00bb, alertan. \u00abEl Gobierno debe estar alerta y tomar medidas en consonancia con las comunidades aut\u00f3nomas. En todo caso, echamos de menos una ley de pandemias\u00bb, critican fuentes del Gobierno que preside Alberto N\u00fa\u00f1ez Feij\u00f3o.<\/p>\n\n\n\n<p>CASTILLA Y LE\u00d3N. Alfonso Fern\u00e1ndez Ma\u00f1ueco apuesta por \u00abm\u00e1s medidas jur\u00eddicas\u00bb auton\u00f3micas y, por supuesto, una norma de pandemias nacional. Aun as\u00ed, \u00abno creemos que vaya a ser una ola de las dimensiones de las anteriores, gracias al muy alto \u00edndice de vacunaci\u00f3n (91% de la poblaci\u00f3n diana en nuestra comunidad)\u00bb, aseguran fuentes de la Junta. \u00abEl Consejo Interterritorial de Salud deber\u00eda debatir estas cuestiones\u00bb de coordinaci\u00f3n nacional, reclaman.<\/p>\n\n\n\n<p>MURCIA. Para el Gobierno regional \u00abla sexta ola es inevitable\u00bb. \u00abEs inevitable el repunte, por el porcentaje de personas sin vacunar\u00bb, y \u00abhabr\u00e1 que coordinar m\u00e1s medidas\u00bb, apuntan en el entorno de Fernando L\u00f3pez Miras. Murcia ha solicitado que se materialice el fondo Covid, que la oposici\u00f3n ha aprobado en el Congreso, para poder afrontar la sexta ola, despu\u00e9s de que la Airef haya afirmado que las comunidades tendr\u00e1n que mantener el 40% de los gastos de la pandemia este a\u00f1o. Esta petici\u00f3n la secundan todas las CCAA del PP y varias del PSOE, como Castilla-La Mancha o la Comunidad Valenciana.<\/p>\n\n\n\n<p>ANDALUC\u00cdA. \u00abYa est\u00e1 tardando el Gobierno en poner en marcha el fondo Covid si quiere anticiparse a la sexta ola\u00bb, alertan en la Junta de Andaluc\u00eda. \u00abEl Gobierno lo que tiene que hacer es coordinar, liderar una respuesta global de las comunidades aut\u00f3nomas. Tiene que tener previsto un plan para esta sexta ola, con nuevas medidas, pero coordinadas para que no haya agravios en funci\u00f3n de cada territorio\u00bb, apuntan en el equipo de Juanma Moreno.<\/p>\n\n\n\n<h6 class=\"wp-block-heading\">\u00bfCrees que el gobierno sigue comentiendo graves errores en la gesti\u00f3n de la pandemia?.<\/h6>\n","protected":false},"excerpt":{"rendered":"<p>El Gobierno se comprometi\u00f3 a aprobar una ley para que las comunidades aut\u00f3nomas pudieran actuar con agilidad en la pandemia, ahora no queda ni rastro.<\/p>\n","protected":false},"author":2,"featured_media":5518,"comment_status":"open","ping_status":"open","sticky":false,"template":"","format":"standard","meta":{"footnotes":""},"categories":[66],"tags":[2806,2810,2807,36,2808,2809,1273,307],"class_list":["post-5517","post","type-post","status-publish","format-standard","has-post-thumbnail","hentry","category-noticias-actualidad","tag-ccaa","tag-comprometido","tag-faltan","tag-gobierno","tag-herramientas","tag-juridicas","tag-ola","tag-otra"],"amp_enabled":true,"_links":{"self":[{"href":"https:\/\/sucurriculum.com\/noticias\/wp-json\/wp\/v2\/posts\/5517","targetHints":{"allow":["GET"]}}],"collection":[{"href":"https:\/\/sucurriculum.com\/noticias\/wp-json\/wp\/v2\/posts"}],"about":[{"href":"https:\/\/sucurriculum.com\/noticias\/wp-json\/wp\/v2\/types\/post"}],"author":[{"embeddable":true,"href":"https:\/\/sucurriculum.com\/noticias\/wp-json\/wp\/v2\/users\/2"}],"replies":[{"embeddable":true,"href":"https:\/\/sucurriculum.com\/noticias\/wp-json\/wp\/v2\/comments?post=5517"}],"version-history":[{"count":1,"href":"https:\/\/sucurriculum.com\/noticias\/wp-json\/wp\/v2\/posts\/5517\/revisions"}],"predecessor-version":[{"id":5519,"href":"https:\/\/sucurriculum.com\/noticias\/wp-json\/wp\/v2\/posts\/5517\/revisions\/5519"}],"wp:featuredmedia":[{"embeddable":true,"href":"https:\/\/sucurriculum.com\/noticias\/wp-json\/wp\/v2\/media\/5518"}],"wp:attachment":[{"href":"https:\/\/sucurriculum.com\/noticias\/wp-json\/wp\/v2\/media?parent=5517"}],"wp:term":[{"taxonomy":"category","embeddable":true,"href":"https:\/\/sucurriculum.com\/noticias\/wp-json\/wp\/v2\/categories?post=5517"},{"taxonomy":"post_tag","embeddable":true,"href":"https:\/\/sucurriculum.com\/noticias\/wp-json\/wp\/v2\/tags?post=5517"}],"curies":[{"name":"wp","href":"https:\/\/api.w.org\/{rel}","templated":true}]}}