{"id":5514,"date":"2021-11-22T13:20:43","date_gmt":"2021-11-22T12:20:43","guid":{"rendered":"https:\/\/sucurriculum.com\/noticias\/?p=5514"},"modified":"2021-11-22T13:20:43","modified_gmt":"2021-11-22T12:20:43","slug":"los-menores-de-30-anos-cobran-ya-2-000-euros-menos-que-los-nuevos-jubilados","status":"publish","type":"post","link":"https:\/\/sucurriculum.com\/noticias\/los-menores-de-30-anos-cobran-ya-2-000-euros-menos-que-los-nuevos-jubilados\/","title":{"rendered":"Los menores de 30 a\u00f1os cobran ya 2.000 euros menos que los nuevos jubilados"},"content":{"rendered":"\n<p>Que Espa\u00f1a tiene un problema may\u00fasculo con su sistema de pensiones no es ning\u00fan secreto. La hucha para garantizarlas en el futuro est\u00e1 pr\u00e1cticamente vac\u00eda, la generaci\u00f3n m\u00e1s numerosa de la pir\u00e1mide de poblaci\u00f3n comenzar\u00e1 a jubilarse pronto y quienes tendr\u00e1n que soportar el peso del sistema, adem\u00e1s de ser una cohorte mucho m\u00e1s reducida, reciben salarios bajos. Adem\u00e1s, todo apunta a que el deseable aumento en la esperanza de vida previsto para los pr\u00f3ximos a\u00f1os prolongar\u00e1 el periodo de cobro de unas pensiones que cada vez son m\u00e1s cuantiosas.<\/p>\n\n\n\n<p>La pensi\u00f3n media de jubilaci\u00f3n se sit\u00faa en 991,23 euros en octubre en Extremadura, por debajo de la media nacional<br>Qu\u00e9 es el destope de las pensiones que afectar\u00e1 a las jubilaciones m\u00e1ximas y m\u00ednimas. <\/p>\n\n\n\n<p><strong>La cuentas resultan dif\u00edciles de cuadrar. Si se toman los \u00faltimos datos disponibles, los jubilados que se incorporaron al sistema de pensiones en septiembre cobraron una prestaci\u00f3n media de 19.887,8 euros en 14 pagas, mientras que el sueldo medio de los menores de 30 a\u00f1os fue de un m\u00e1ximo de 17.772,3 euros anuales en 2019, una diferencia de m\u00e1s de 2.000 euros en ingresos.<\/strong><\/p>\n\n\n\n<p>Si bien es cierto que los salarios que cobran ahora los menores de 30 previsiblemente aumentar\u00e1n a lo largo de su vida laboral, tambi\u00e9n lo es que la cuant\u00eda de las pensiones de jubilaci\u00f3n seguir\u00e1 en ascenso. La prestaci\u00f3n media que corresponder\u00e1 a los baby boomers -una generaci\u00f3n que engloba a los nacidos entre 1958 y 1978 aproximadamente- es mayor a la de cohortes anteriores dado que, en general, han disfrutado de mejores sueldos y de carreras m\u00e1s estables que los que vienen detr\u00e1s.<\/p>\n\n\n\n<p>Sin embargo, el desequilibrio m\u00e1s preocupante viene del lado de la demograf\u00eda. Seg\u00fan datos de la Autoridad Independiente de Responsabilidad Fiscal (Airef) -un organismo encargado de supervisar las finanzas p\u00fablicas nacionales- en 2050 habr\u00e1 un solo trabajador por cada pensionista, frente a los dos que hay actualmente. A esto hay que a\u00f1adirle que un empleado que se jubila actualmente recibe una pensi\u00f3n media bruta de un 72,3% de su sueldo, una cuant\u00eda notablemente superior al 52% de media en los pa\u00edses de la Uni\u00f3n Europea.<\/p>\n\n\n\n<h6 class=\"wp-block-heading\">Los planes del Gobierno: subir las cotizaciones<\/h6>\n\n\n\n<p>Gobierno y sindicatos pactan subir el 0,6% las cotizaciones desde 2023 para sostener la pensi\u00f3n de los baby boomers<br>Para afrontar el reto que supondr\u00e1 para el sistema la jubilaci\u00f3n de los baby boomers, el Gobierno ha planteado -con el apoyo de los sindicatos- subir las cotizaciones sociales seis d\u00e9cimas a partir de 2023 y hasta 2032. La idea es que lo que se recaude con esta medida -unos 40.000 o 50.000 millones de euros, seg\u00fan estima el ministro de Inclusi\u00f3n, Seguridad Social y Migraciones, Jos\u00e9 Luis Escriv\u00e1- se destine a llenar de nuevo el Fondo de Reserva de la Seguridad Social (conocido popularmente como la \u00abhucha de las pensiones\u00bb), que actualmente cuenta con poco m\u00e1s de 2.000 millones de reservas.<\/p>\n\n\n\n<p>Si lo recaudado fuera insuficiente para afrontar las jubilaciones futuras, el Gobierno prev\u00e9 entonces negociar en el Pacto de Toledo un recorte del gasto, una subida mayor de las cotizaciones u \u00abotras f\u00f3rmulas alternativas para aumentar los ingresos\u00bb que no concreta.<\/p>\n\n\n\n<p>La medida, bautizada con el nombre de mecanismo de equidad intergeneracional, carga el peso de las futuras jubilaciones en los trabajadores actuales y pretende evitar as\u00ed recortes en las pensiones presentes y futuras. Cuando se le pregunt\u00f3 al ministro Escriv\u00e1 por qu\u00e9 raz\u00f3n el nuevo mecanismo es equitativo, este arguy\u00f3 que sustituye y deroga el factor de sostenibilidad, \u00abque a partir del a\u00f1o 2023 iba a recortar las pensiones entre un 2 y un 3%\u00bb. El ministro a\u00f1adi\u00f3 que el mecanismo anterior, aprobado por el PP en 2013 y que nunca lleg\u00f3 a aplicarse, habr\u00eda supuesto \u00abun recorte de entorno un 20%\u00bb en la pensi\u00f3n para un joven que empezara a trabajar ahora.<\/p>\n\n\n\n<h6 class=\"wp-block-heading\">Los expertos apuestan por recortar las prestaciones<\/h6>\n\n\n\n<p>Sin embargo, no todo el mundo ve con buenos ojos la reforma que pretende el Ejecutivo. Tres expertos en finanzas p\u00fablicas coinciden en se\u00f1alar que el nuevo mecanismo perjudicar\u00e1 a los j\u00f3venes, no lograr\u00e1 cubrir los costes del sistema y tampoco evitar\u00e1 que se aplique una reforma m\u00e1s dr\u00e1stica en el futuro.<\/p>\n\n\n\n<p>\u00abEs una medida que, desde mi punto de vista, va en la direcci\u00f3n equivocada. Est\u00e1s subiendo algunos impuestos muy distorsionadores como son las cotizaciones en un pa\u00eds con tasas de paro muy elevadas\u00bb, defiende Jos\u00e9 Ignacio Conde-Ruiz, catedr\u00e1tico de Fundamentos del An\u00e1lisis Econ\u00f3mico en la Universidad Complutense de Madrid, y subdirector de Fedea. Conde-Ruiz, que form\u00f3 parte del comit\u00e9 de expertos que dise\u00f1\u00f3 el factor de sostenibilidad aprobado por el PP en 2013, considera solidario \u00abque si las futuras generaciones van a vivir por m\u00e1s tiempo, la pensi\u00f3n que se vaya a percibir sea m\u00e1s baja\u00bb.<\/p>\n\n\n\n<p>\u00abEl sistema no es sostenible. Hay relativamente pocos j\u00f3venes para sostener las pensiones de tanta gente mayor. Necesita recursos adicionales para mantenerlo tan generoso\u00bb, explica Sergi Jim\u00e9nez, catedr\u00e1tico en Econom\u00eda y Empresa en la Universidad Pompeu Fabra. Jim\u00e9nez recuerda que destinar dinero procedente de los impuestos a pagar pensiones deja menos saldo en las arcas p\u00fablicas para gastar en materias como investigaci\u00f3n, sanidad o educaci\u00f3n. \u00abEs lo peor que pueden hacer de cara a los j\u00f3venes. Comprometer que vas a pagar las pensiones s\u00ed o s\u00ed quiere decir que los recursos van a ir a pagar las pensiones, no a ellos\u00bb, agrega Conde-Ruiz.<\/p>\n\n\n\n<p>Los expertos consultados cuestionan las cifras de recaudaci\u00f3n adicional por la subida de las cotizaciones ofrecidas por Escriv\u00e1 (entre 40.000 y 50.000 millones) sean realistas. \u00ab50.000 millones no cubren ni el d\u00e9ficit [de la Seguridad Social] de dos a\u00f1os. No le veo sentido por ning\u00fan lado, por ninguna parte, me froto los ojos cuando leo todo esto\u00bb, sostiene Mar\u00eda Jes\u00fas Fern\u00e1ndez, economista s\u00e9nior de Funcas.<\/p>\n\n\n\n<p>Seg\u00fan datos ofrecidos por el Ministerio de Hacienda, la Seguridad Social cerr\u00f3 el a\u00f1o pasado con un d\u00e9ficit de 29.344 millones de euros, una cifra algo enga\u00f1osa, dado que no refleja las transferencias recibidas desde el Estado para cubrir gastos v\u00eda Presupuestos. Seg\u00fan recoge el diario econ\u00f3mico Cinco D\u00edas, el d\u00e9ficit entre los ingresos por las cotizaciones que recibe la Seguridad Social y los gastos en prestaciones sociales fue superior a los 45.000 millones en 2020.<\/p>\n\n\n\n<h6 class=\"wp-block-heading\">\u00bfCrees que este sistema de pensiones es sostenible? \u00bfCrees que las nuevas generaciones podr\u00e1n tener acceso a pensiones del estado?.<\/h6>\n","protected":false},"excerpt":{"rendered":"<p>La hucha para garantizar el futuro de las pensiones est\u00e1 pr\u00e1cticamente vac\u00eda y la generaci\u00f3n m\u00e1s numerosa  de poblaci\u00f3n comenzar\u00e1 a jubilarse pronto.<\/p>\n","protected":false},"author":2,"featured_media":5515,"comment_status":"open","ping_status":"open","sticky":false,"template":"","format":"standard","meta":{"footnotes":""},"categories":[66],"tags":[484,231,230,1734,41,549,1153,1669,884],"class_list":["post-5514","post","type-post","status-publish","format-standard","has-post-thumbnail","hentry","category-noticias-actualidad","tag-484","tag-231","tag-anos","tag-cobran","tag-euros","tag-jubilados","tag-menores","tag-menos","tag-nuevos"],"amp_enabled":true,"_links":{"self":[{"href":"https:\/\/sucurriculum.com\/noticias\/wp-json\/wp\/v2\/posts\/5514","targetHints":{"allow":["GET"]}}],"collection":[{"href":"https:\/\/sucurriculum.com\/noticias\/wp-json\/wp\/v2\/posts"}],"about":[{"href":"https:\/\/sucurriculum.com\/noticias\/wp-json\/wp\/v2\/types\/post"}],"author":[{"embeddable":true,"href":"https:\/\/sucurriculum.com\/noticias\/wp-json\/wp\/v2\/users\/2"}],"replies":[{"embeddable":true,"href":"https:\/\/sucurriculum.com\/noticias\/wp-json\/wp\/v2\/comments?post=5514"}],"version-history":[{"count":1,"href":"https:\/\/sucurriculum.com\/noticias\/wp-json\/wp\/v2\/posts\/5514\/revisions"}],"predecessor-version":[{"id":5516,"href":"https:\/\/sucurriculum.com\/noticias\/wp-json\/wp\/v2\/posts\/5514\/revisions\/5516"}],"wp:featuredmedia":[{"embeddable":true,"href":"https:\/\/sucurriculum.com\/noticias\/wp-json\/wp\/v2\/media\/5515"}],"wp:attachment":[{"href":"https:\/\/sucurriculum.com\/noticias\/wp-json\/wp\/v2\/media?parent=5514"}],"wp:term":[{"taxonomy":"category","embeddable":true,"href":"https:\/\/sucurriculum.com\/noticias\/wp-json\/wp\/v2\/categories?post=5514"},{"taxonomy":"post_tag","embeddable":true,"href":"https:\/\/sucurriculum.com\/noticias\/wp-json\/wp\/v2\/tags?post=5514"}],"curies":[{"name":"wp","href":"https:\/\/api.w.org\/{rel}","templated":true}]}}