{"id":5511,"date":"2021-11-22T12:41:28","date_gmt":"2021-11-22T11:41:28","guid":{"rendered":"https:\/\/sucurriculum.com\/noticias\/?p=5511"},"modified":"2021-11-22T12:41:28","modified_gmt":"2021-11-22T11:41:28","slug":"aumentan-los-accidentes-laborales-debido-a-la-mayor-movilidad","status":"publish","type":"post","link":"https:\/\/sucurriculum.com\/noticias\/aumentan-los-accidentes-laborales-debido-a-la-mayor-movilidad\/","title":{"rendered":"Aumentan los accidentes laborales debido a la mayor movilidad"},"content":{"rendered":"\n<p>La creciente recuperaci\u00f3n de la actividad econ\u00f3mica tras el par\u00f3n de la pandemia y el descenso del teletrabajo han disparado un 25% los accidentes laborales con baja por tr\u00e1fico en los nueve primeros meses de este a\u00f1o, siendo ya la segunda causa de muerte en el trabajo.<\/p>\n\n\n\n<p>Seg\u00fan los \u00faltimos datos de la estad\u00edstica del Ministerio de Trabajo, hasta septiembre se registraron 43.627 accidentes laborales con baja por accidentes de tr\u00e1fico, lo que supone 8.654 m\u00e1s, ese repunte del 25%, que en el mismo periodo de 2020, un ejercicio marcado por el par\u00f3n econ\u00f3mico de la pandemia y un auge del teletrabajo sin precedentes.<\/p>\n\n\n\n<p>Al detalle, 13.694 accidentes ocurrieron durante la jornada de trabajo, un alza del 29%, y 29.933 fueron in itinere, es decir en los desplazamientos al trabajo, un 22,9% m\u00e1s respecto al mismo dato de 2020. En total, suponen el 10% del total de los accidentes laborales con baja hasta septiembre.<\/p>\n\n\n\n<p>\u00abLos accidentes laborales de tr\u00e1fico se est\u00e1n incrementando notablemente con la vuelta a los centros de trabajo\u00bb, <strong>denunciaba en un comunicado UGT con motivo del D\u00eda mundial en Recuerdo de las V\u00edctimas de Accidentes de Tr\u00e1fico este domingo.<\/strong><\/p>\n\n\n\n<p>De todos estos accidentes laborales de tr\u00e1fico, 155 acabaron con la vida del trabajador, 11 m\u00e1s que en el mismo periodo del a\u00f1o pasado. De estas muertes, 70 fallecimientos fueron durante la jornada laboral, 7 m\u00e1s que en 2020, y 85, 4 m\u00e1s, in itinere.<\/p>\n\n\n\n<p>Con estas cifras, los accidentes de tr\u00e1fico han pasado a suponer ya la segunda causa de siniestralidad laboral, solo por detr\u00e1s de infartos, de derrames cerebrales y otras causas estrictamente naturales.<\/p>\n\n\n\n<p>\u00abLa recuperaci\u00f3n de la actividad y el descenso del teletrabajo, con m\u00e1s tendencia tras la pandemia a usar el transporte privado frente al p\u00fablico, influye en estos datos\u00bb, explica el coordinador territorial de prevenci\u00f3n de Asepeyo, Norberto Afonso.<\/p>\n\n\n\n<p>Los patinetes y el reparto del comercio en l\u00ednea<\/p>\n\n\n\n<p>Alfonso tambi\u00e9n se\u00f1ala a otras dos tendencias de fondo en este incremento de la siniestralidad vial laboral: el mayor uso de veh\u00edculos como patinetes, sobre todo en las ciudades, y en el auge del comercio en l\u00ednea y el reparto asociado.<\/p>\n\n\n\n<p>Seg\u00fan el \u00faltimo observatorio de la siniestralidad vial laboral de Asepeyo, correspondiente a 2020, del total de accidentes viales laborales, un 55,4% se produjeron con bicicletas, motocicletas y patinetes y el 28% fueron al ir o al volver del trabajo.<\/p>\n\n\n\n<p>Por sectores, este observatorio lleva varios a\u00f1os recogiendo la mayor incidencia en sectores como el hostelero.<\/p>\n\n\n\n<p>Desde UGT, que lleva meses con una intensa campa\u00f1a sobre siniestralidad laboral, insisten en la necesidad de tomar medidas como mejorar las infraestructuras viarias, reforzar la actuaci\u00f3n de la Inspecci\u00f3n de Trabajo o la importancia de la revisi\u00f3n y mantenimiento continuo de los veh\u00edculos de trabajo.<\/p>\n\n\n\n<p>Junto a esto, tambi\u00e9n pide mejoras en el transporte p\u00fablico, formaci\u00f3n en materia de seguridad vial y planes de movilidad adecuados para las necesidades de los trabajadores.<\/p>\n\n\n\n<p>Hace unas semanas, la vicepresidenta segunda y ministra de Trabajo, Yolanda D\u00edaz, anunci\u00f3 un \u00abambicioso\u00bb plan de choque contra la siniestralidad laboral, para \u00abfrenar la lacra de los accidentes mortales, que se alimenta de la temporalidad y de la precariedad en los puestos de trabajo\u00bb.<\/p>\n","protected":false},"excerpt":{"rendered":"<p>La creciente recuperaci\u00f3n de la actividad han disparado un 25% los accidentes laborales, siendo ya la segunda causa de muerte en el trabajo.<\/p>\n","protected":false},"author":2,"featured_media":5512,"comment_status":"open","ping_status":"open","sticky":false,"template":"","format":"standard","meta":{"footnotes":""},"categories":[66],"tags":[2803,1455,2804,2054,318,2805],"class_list":["post-5511","post","type-post","status-publish","format-standard","has-post-thumbnail","hentry","category-noticias-actualidad","tag-accidentes","tag-aumentan","tag-debido","tag-laborales","tag-mayor","tag-movilidad"],"amp_enabled":true,"_links":{"self":[{"href":"https:\/\/sucurriculum.com\/noticias\/wp-json\/wp\/v2\/posts\/5511","targetHints":{"allow":["GET"]}}],"collection":[{"href":"https:\/\/sucurriculum.com\/noticias\/wp-json\/wp\/v2\/posts"}],"about":[{"href":"https:\/\/sucurriculum.com\/noticias\/wp-json\/wp\/v2\/types\/post"}],"author":[{"embeddable":true,"href":"https:\/\/sucurriculum.com\/noticias\/wp-json\/wp\/v2\/users\/2"}],"replies":[{"embeddable":true,"href":"https:\/\/sucurriculum.com\/noticias\/wp-json\/wp\/v2\/comments?post=5511"}],"version-history":[{"count":1,"href":"https:\/\/sucurriculum.com\/noticias\/wp-json\/wp\/v2\/posts\/5511\/revisions"}],"predecessor-version":[{"id":5513,"href":"https:\/\/sucurriculum.com\/noticias\/wp-json\/wp\/v2\/posts\/5511\/revisions\/5513"}],"wp:featuredmedia":[{"embeddable":true,"href":"https:\/\/sucurriculum.com\/noticias\/wp-json\/wp\/v2\/media\/5512"}],"wp:attachment":[{"href":"https:\/\/sucurriculum.com\/noticias\/wp-json\/wp\/v2\/media?parent=5511"}],"wp:term":[{"taxonomy":"category","embeddable":true,"href":"https:\/\/sucurriculum.com\/noticias\/wp-json\/wp\/v2\/categories?post=5511"},{"taxonomy":"post_tag","embeddable":true,"href":"https:\/\/sucurriculum.com\/noticias\/wp-json\/wp\/v2\/tags?post=5511"}],"curies":[{"name":"wp","href":"https:\/\/api.w.org\/{rel}","templated":true}]}}