{"id":5508,"date":"2021-11-22T12:20:33","date_gmt":"2021-11-22T11:20:33","guid":{"rendered":"https:\/\/sucurriculum.com\/noticias\/?p=5508"},"modified":"2021-11-22T12:20:34","modified_gmt":"2021-11-22T11:20:34","slug":"si-la-reforma-se-consuma-va-a-arder-la-calle","status":"publish","type":"post","link":"https:\/\/sucurriculum.com\/noticias\/si-la-reforma-se-consuma-va-a-arder-la-calle\/","title":{"rendered":"\u00abSi la reforma se consuma va a arder la calle\u00bb"},"content":{"rendered":"\n<p>M\u00e1s all\u00e1 del fondo en el que el Gobierno pretende instalar la nueva Ley de Seguridad Ciudadana, en las Fuerzas y Cuerpos de Seguridad del Estado hay un dolor profundo y manifiesto por haber sido excluidas del debate para reformar la normativa. Tambi\u00e9n por la sensaci\u00f3n que tienen los agentes de estar obligados a retar a la delincuencia en su propio terreno y con la presi\u00f3n a\u00f1adida -e inquebrantable- de tener que ganarle.<\/p>\n\n\n\n<p>Antes de abundar en las distintas formas de la p\u00e9rdida de autoridad que aventuran, polic\u00edas, guardias civiles y cuerpos auton\u00f3micos y locales se quejan amargamente de la incapacidad dial\u00e9ctica del Ejecutivo de Pedro S\u00e1nchez. El cambio por el que -entre otras cosas- no ser\u00e1 necesario avisar de las manifestaciones, por el que se limitar\u00e1n los materiales de uso de los antidisturbios o por el que se acota el tiempo de las identificaciones, ha despertado una sucesi\u00f3n de calificativos demoledora e implacable. Es una convulsi\u00f3n generalizada y sin grietas por parte de todos los Cuerpos afectados. Sin excepci\u00f3n.<\/p>\n\n\n\n<p>Por primera vez en la historia, tanto sindicatos y agrupaciones de Guardia Civil, Polic\u00eda Nacional, efectivos auton\u00f3micos y locales como agentes que no est\u00e1n adscritos a este movimiento se han dado la mano para protestar y lo har\u00e1n en la macromanifestaci\u00f3n que han organizado el pr\u00f3ximo d\u00eda 27, cuando pretenden sacar a 100.000 agentes a la calle. La reforma de la ley supone un disparo tan ajeno a su manera de trabajar que, resaltan, no les ha quedado otra que tomar Madrid para intentar hacer reflexionar al Gobierno.<\/p>\n\n\n\n<p>\u00abLo m\u00e1s triste de todo es que ni siquiera nos hayan consultado ni se hayan sentado con nosotros para una reforma tan importante. Nosotros conocemos el terreno y nos han dejado al margen. Es un desprop\u00f3sito y una merma total a nuestras funciones. Podemos perder el car\u00e1cter de agentes de la autoridad\u00bb, razona Agust\u00edn Leal, secretario de comunicaci\u00f3n de Jucil.<\/p>\n\n\n\n<p>Leal se muestra inflexible con los planes para <strong>cambiar la normativa. \u00abEsto es una traici\u00f3n. Es como si alguien le hubiera dado una hoja en blanco a un antisistema y le hubiera dicho &#8216;pon lo que quieras&#8217;<\/strong>\u00bb. Es especialmente cr\u00edtico con la v\u00eda libre a las manifestaciones espont\u00e1neas. \u00abSi no sabemos que va a haber una protesta no podemos preparar un dispositivo antidisturbios, y una manifestaci\u00f3n sin avisar que se puede volver multitudinaria y violenta, y en la que apenas tenemos dos horas para identificar, puede llegar a ser un caos. Si la reforma se consuma, va a arder la calle\u00bb, advierte.<\/p>\n\n\n\n<h6 class=\"wp-block-heading\">Dan carta blanca a la delincuencia y nos atan de pies y manos<\/h6>\n\n\n\n<p>Leal tambi\u00e9n quiere aclarar que la reivindicaci\u00f3n de todos los colectivos va m\u00e1s all\u00e1 de que se retire el uso de las pelotas a los agentes antidisturbios. \u00abLa pelota de goma siempre es la \u00faltima opci\u00f3n de los agentes. Cuando sucede, se hace por la necesidad de mantener alejados a los manifestantes que ejercen alg\u00fan tipo de violencia. Por lo general, se usan m\u00e9todos menos lesivos. Esta nueva manera obliga a un cuerpo a cuerpo que no tiene sentido\u00bb. \u00abEl perjudicado total de todo esto, el verdadero reh\u00e9n, es el ciudadano porque es una reforma que favorece a b\u00e1rbaros, violentos y antisistemas. No es propia de un pa\u00eds de la Uni\u00f3n Europea\u00bb.<\/p>\n\n\n\n<p>En la misma l\u00ednea que Leal se pronuncia el delegado de Jupol y miembro de la Unidad de Intervenci\u00f3n Policial (UIP) del Cuerpo Nacional de Polic\u00eda, los mal llamados antidisturbios, quien hace una profunda disecci\u00f3n de la problem\u00e1tica que evidencia su profundidad. \u00abComo polic\u00edas, nos hierve la sangre que la gente no pueda hacer su vida. Esto es algo que afectar\u00e1 a la sociedad y pongo un ejemplo: <strong>si una manifestaci\u00f3n, por no estar prevista, corta de manera sorpresiva una calle o una carretera puede hacer que no llegues a tiempo a la entrevista de trabajo de tu vida, a un examen, al m\u00e9dico con tu hijo o incluso a un parto. Que las v\u00edas de comunicaci\u00f3n est\u00e9n despejadas es esencial por muchas cosas. La reforma de la ley hace que se pierda el respeto a los dem\u00e1s\u00bb.<\/strong><\/p>\n\n\n\n<p>El agente enumera las gestiones que se dejar\u00e1n de hacer en caso de que se consume la reforma de la Ley de Seguridad Ciudadana. \u00abCuando tenemos constancia de una movilizaci\u00f3n, hay previsi\u00f3n y por tanto establecemos puntos de seguridad o rutas alternativas de metro, pero si de repente aparecen 50.000 personas sin avisar no tenemos capacidad de reacci\u00f3n\u00bb.<\/p>\n\n\n\n<h6 class=\"wp-block-heading\">Esta ley nos genera indefensi\u00f3n, ahora los agentes somos un blanco f\u00e1cil<\/h6>\n\n\n\n<p>\u00bfLas consecuencias? \u00abNo se podr\u00e1 circular o se colapsar\u00e1 el transporte p\u00fablico. Un caos. Sin duda es un cambio estructural en la seguridad p\u00fablica\u00bb. Adem\u00e1s, tambi\u00e9n se sumerge sin restricciones en el hecho de que les recorten su material de trabajo, concretamente las pelotas de goma. \u00abDejar de usarlas en manifestaciones violentas con la cantidad de agentes que somos y sin medios de disuasi\u00f3n har\u00e1 imposible que contengamos a tanta gente. <strong>Ser\u00e1 el triunfo de la anarqu\u00eda\u00bb. \u00abAqu\u00ed -argumenta con vehemencia- no hay s\u00faper hombres, sino profesionales organizados que hacen su trabajo y a los que se lo van a poner muy dif\u00edcil\u00bb. Y lanza una reflexi\u00f3n que refleja el sentir del colectivo: \u00abEsta reforma se ha planteado desde una visi\u00f3n id\u00edlica.<\/strong> En realidad, no beneficia a nadie, \u00fanicamente supone la p\u00e9rdida de la paz p\u00fablica. Es el temor del panadero, del propietario de la tienda de lujo, del ciudadano que tiene su moto aparcada en la calle y al d\u00eda siguiente la puede encontrar quemada y no puede ir a trabajar\u2026\u00bb.<\/p>\n\n\n\n<p>El escenario que se prev\u00e9 preocupa -y afecta- especialmente a Marcos Veiras, secretario regional de Jupol en Catalu\u00f1a y agente del Cuerpo Nacional de Polic\u00eda en activo en la Brigada de Extranjer\u00eda y Fronteras. La reforma, considera, amenaza con acentuar las convulsiones que se viven en el territorio catal\u00e1n.<\/p>\n\n\n\n<p>Viv\u00eda junto a su familia en una c\u00e9ntrica calle de Barcelona y, tras el 1-O, tuvo que mudarse porque varias personas le identificaron en un bar. Quemaron su moto. \u00abA los vecinos no les decimos que somos polic\u00edas, ni tendemos los uniformes en el exterior. Si quieres llevar una vida m\u00e1s social, tienes que mentir\u00bb. Veiras conecta su reflexi\u00f3n a que ahora no vaya a ser delito identificar y subir fotograf\u00edas de agentes a las redes sociales. \u00abAqu\u00ed en Catalu\u00f1a eso har\u00e1 que no estemos tranquilos\u00bb, insiste. \u00abTememos que elementos ligados al radicalismo nos identifiquen. Un compa\u00f1ero tuvo que cambiar a su hija de colegio porque la dejaban sin recreo y otros tres han tenido que dejar el Cuerpo\u00bb.<\/p>\n\n\n\n<h6 class=\"wp-block-heading\">Es una reforma que favorece a b\u00e1rbaros, violentos y antisistemas<\/h6>\n\n\n\n<p>No olvida la especial realidad de la autonom\u00eda en la que trabaja con, recuerda, una presencia muy activa de los Comit\u00e9s de Defensa de la Rep\u00fablica (CDR), que han protagonizado la movilizaci\u00f3n social en la crisis pol\u00edtica catalana tras el 1-O. \u00abLa reforma permite que haya manifestaciones violentas y que se desarrollen con total impunidad. No vamos a poder anticiparnos y eso es extremadamente peligroso porque los movimientos radicales est\u00e1n cada vez m\u00e1s organizados\u00bb. El polic\u00eda tambi\u00e9n reprende con dureza que no les hayan pedido opini\u00f3n. \u00abNo se entiende. Definitivamente, no se han parado a valorar la situaci\u00f3n violenta de la que nosotros somos conscientes\u00bb.<\/p>\n\n\n\n<p>Tambi\u00e9n en Catalu\u00f1a trabaja Milagros C\u00edvico, secretaria regional de Jucil, quien alerta de c\u00f3mo el cambio en la normativa puede contribuir a acentuar un ambiente ya de por s\u00ed muy crispado. \u00abNos dejan totalmente abandonados y m\u00e1s aqu\u00ed, con la problem\u00e1tica tan grande que tenemos con los CDR. Si antes los actos violentos se suced\u00edan con demasiada frecuencia, ahora lo har\u00e1n con completa libertad\u00bb, avisa. En este sentido, dibuja una realidad que, seg\u00fan su percepci\u00f3n, es habitual. \u00abEn Barcelona, una reivindicaci\u00f3n l\u00edcita y aprobada muchas veces acaba en violencia con la quema de contenedores. Esta reforma har\u00e1 m\u00e1s grande el problema\u00bb.<\/p>\n\n\n\n<h6 class=\"wp-block-heading\">La reforma mata la ley de prevenci\u00f3n de las distintas polic\u00edas<\/h6>\n\n\n\n<p>\u00abIndiscutiblemente -contin\u00faa- se va a dar carta blanca a la delincuencia. Vamos a estar muy atados de pies y manos. Es un abandono a las Fuerzas y Cuerpos de Seguridad del Estado por parte de la Administraci\u00f3n\u00bb. \u00abEsta ley -enfatiza- son pasos hacia atr\u00e1s de lo legal y pasos gigantescos hacia lo ilegal\u00bb. C\u00edvico rescata, asimismo, el \u00abrechazo continuo\u00bb que suscitan en Catalu\u00f1a los agentes del Instituto Armado y de la Polic\u00eda Nacional, y se muestra muy preocupada por que ahora no sea delito que las im\u00e1genes de estos efectivos puedan compartirse en internet. \u00abQue nos graben y pongan esas im\u00e1genes nos deja en peligro a nosotros como agentes y a nuestras familias, y m\u00e1s con la tensi\u00f3n que se vive en esta autonom\u00eda. Es un retroceso\u00bb. \u00abAqu\u00ed -a\u00f1ade- te pueden se\u00f1alar por ser guardia civil y eso hace que no te sientas bien\u00bb. La agente presta servicio en la patrulla fiscal, con lo que el asunto de que \u00fanicamente vayan a tener dos horas -en la actualidad son seis- para identificar a una persona y devolverla al mismo punto en el que se la intercept\u00f3 le afecta de primera mano.<\/p>\n\n\n\n<p>\u00abEsas gestiones en dos horas no son posibles. Si, por ejemplo, entramos en un establecimiento p\u00fablico y la persona a identificar es extranjera, hay que hacer muchas comprobaciones. Si a eso le unimos que hay que devolverla al cabo de las dos horas al mismo sitio y que para realizar las gestiones en la mayor\u00eda de los casos hay que desplazarse a una comisar\u00eda, todo es misi\u00f3n imposible\u00bb, precisa. \u00abSin duda -resalta- la reforma de la ley favorece la delincuencia y, sobre todo en Catalu\u00f1a, favorece la violencia. Los antisistema campar\u00e1n a sus anchas\u00bb.<\/p>\n\n\n\n<h6 class=\"wp-block-heading\">El m\u00e1s perjudicado, el reh\u00e9n de todo esto, es el ciudadano<\/h6>\n\n\n\n<p>Juan Carlos S\u00e1enz, agente y secretario de Organizaci\u00f3n del Sindicato Profesional de la Ertzaintza (SIPE), tambi\u00e9n es muy cr\u00edtico con la reforma. \u00abClaramente, deja desprotegidas a las Fuerzas y Cuerpos de Seguridad del Estado para proteger m\u00e1s al delincuente y pone en entredicho el valor jur\u00eddico que nos daba hasta ahora la ley\u00bb. En su queja, el lugar predominante es el reproche a la Administraci\u00f3n por haberles dado la espalda cuando el proceso estaba en las bambalinas. \u00abNo pueden modificar una normativa de esta envergadura sin contar con nosotros. No tiene ning\u00fan sentido\u00bb. \u00abHay un problema b\u00e1sico que no entienden las fuerzas jur\u00eddicas: hay que hacer una ley propia del siglo XXI. Tampoco hay que olvidar que somos garantes tanto de los derechos como de las obligaciones de los ciudadanos\u00bb.<\/p>\n\n\n\n<p>Supone un cambio radical en la estructura de la seguridad p\u00fablica<\/p>\n\n\n\n<p>Txema Cid, polic\u00eda nacional y representante de Jupol en el Pa\u00eds Vasco, se pronuncia en los mismos t\u00e9rminos que su compa\u00f1ero. \u00abLa reforma nos genera indefensi\u00f3n porque ahora somos un blanco f\u00e1cil y vamos a tener que justificar nuestras funciones. Nos convierte en agentes vulnerables\u00bb. \u00abSin duda -a\u00f1ade- es un efecto llamada para ciertos colectivos y a que nos planten cara. Trabajar en la calle con esa nueva ley va a ser un aut\u00e9ntico infierno\u00bb.<\/p>\n\n\n\n<p>Pablo P\u00e9rez conoce con precisi\u00f3n los m\u00e1rgenes de la seguridad ciudadana y sus diferentes aristas. Hasta ahora, nunca hab\u00eda tenido que verse cuestionado como agente de la autoridad. Para el portavoz del sindicato Jupol la modificaci\u00f3n de la normativa donde, apunta, la palabra de un polic\u00eda no tiene presunci\u00f3n de veracidad en un atestado, es algo, subraya, \u00abgrav\u00edsimo\u00bb. A su juicio, este extremo traspasa muchas fronteras. \u00abImplica que se nos coloca al mismo nivel que a un delincuente\u00bb. Y pone un ejemplo gr\u00e1fico: \u00abEs como si la palabra de un conductor valiera lo mismo que la de un polic\u00eda cuando el conductor se ha saltado un sem\u00e1foro en rojo y no hay una c\u00e1mara\u00bb. \u00abPone en duda nuestra profesionalidad y eso sienta un precedente muy peligroso\u00bb.<\/p>\n\n\n\n<p>El tif\u00f3n policial constante por la reforma de esta ley, calificada peyorativamente Ley Mordaza, tendr\u00e1 su cl\u00edmax con la manifestaci\u00f3n del s\u00e1bado con la que los sindicatos quieren hacer historia.<\/p>\n\n\n\n<h6 class=\"wp-block-heading\">\u00bfQue opinas de esta nueva propuesta de ley? Deja tu comentario.<\/h6>\n","protected":false},"excerpt":{"rendered":"<p>\u00abEsto es una traici\u00f3n. Es como si alguien le hubiera dado una hoja en blanco a un antisistema y le hubiera dicho &#8216;pon lo que quieras.\u00bb<\/p>\n","protected":false},"author":2,"featured_media":5509,"comment_status":"open","ping_status":"open","sticky":false,"template":"","format":"standard","meta":{"footnotes":""},"categories":[66],"tags":[2801,593,773,2799,2802,102,842,772,2800,1301,866],"class_list":["post-5508","post","type-post","status-publish","format-standard","has-post-thumbnail","hentry","category-noticias-actualidad","tag-arder","tag-calle","tag-civil","tag-consuma","tag-enfrentados","tag-estado","tag-fuerzas","tag-guardia","tag-ley","tag-policia","tag-reforma"],"amp_enabled":true,"_links":{"self":[{"href":"https:\/\/sucurriculum.com\/noticias\/wp-json\/wp\/v2\/posts\/5508","targetHints":{"allow":["GET"]}}],"collection":[{"href":"https:\/\/sucurriculum.com\/noticias\/wp-json\/wp\/v2\/posts"}],"about":[{"href":"https:\/\/sucurriculum.com\/noticias\/wp-json\/wp\/v2\/types\/post"}],"author":[{"embeddable":true,"href":"https:\/\/sucurriculum.com\/noticias\/wp-json\/wp\/v2\/users\/2"}],"replies":[{"embeddable":true,"href":"https:\/\/sucurriculum.com\/noticias\/wp-json\/wp\/v2\/comments?post=5508"}],"version-history":[{"count":1,"href":"https:\/\/sucurriculum.com\/noticias\/wp-json\/wp\/v2\/posts\/5508\/revisions"}],"predecessor-version":[{"id":5510,"href":"https:\/\/sucurriculum.com\/noticias\/wp-json\/wp\/v2\/posts\/5508\/revisions\/5510"}],"wp:featuredmedia":[{"embeddable":true,"href":"https:\/\/sucurriculum.com\/noticias\/wp-json\/wp\/v2\/media\/5509"}],"wp:attachment":[{"href":"https:\/\/sucurriculum.com\/noticias\/wp-json\/wp\/v2\/media?parent=5508"}],"wp:term":[{"taxonomy":"category","embeddable":true,"href":"https:\/\/sucurriculum.com\/noticias\/wp-json\/wp\/v2\/categories?post=5508"},{"taxonomy":"post_tag","embeddable":true,"href":"https:\/\/sucurriculum.com\/noticias\/wp-json\/wp\/v2\/tags?post=5508"}],"curies":[{"name":"wp","href":"https:\/\/api.w.org\/{rel}","templated":true}]}}