{"id":5505,"date":"2021-11-22T11:16:06","date_gmt":"2021-11-22T10:16:06","guid":{"rendered":"https:\/\/sucurriculum.com\/noticias\/?p=5505"},"modified":"2021-11-22T11:16:06","modified_gmt":"2021-11-22T10:16:06","slug":"cientos-de-cuidadoras-domesticas-protestan-contra-la-precariedad","status":"publish","type":"post","link":"https:\/\/sucurriculum.com\/noticias\/cientos-de-cuidadoras-domesticas-protestan-contra-la-precariedad\/","title":{"rendered":"Cientos de cuidadoras dom\u00e9sticas protestan contra la precariedad"},"content":{"rendered":"\n<p>Al menos medio millar de cuidadoras dom\u00e9sticas procedentes de toda Espa\u00f1a, convocadas por la Plataforma Unitaria de Auxiliares de Ayuda a Domicilio, han participado este domingo en una manifestaci\u00f3n en Madrid para protestar contra la precariedad y la discriminaci\u00f3n que padece su sector.<\/p>\n\n\n\n<p>Al grito de \u00abestamos cansadas de ser discriminadas\u00bb, \u00abYolanda (D\u00edaz), escucha, el SAD (servicio de ayuda a domicilio) est\u00e1 en lucha\u00bb, o \u00abla Ley de Dependencia no es un negocio\u00bb, las cuidadoras y otros manifestantes que se han unido a la marcha han desfilado durante una hora por el centro de Madrid, entre la plaza de la Villa y la puerta del Sol.<\/p>\n\n\n\n<p>Su principal reivindicaci\u00f3n es la aplicaci\u00f3n en condiciones de igualdad la Ley de Prevenci\u00f3n de Riesgos Laborales, de modo que se puedan reconocer como \u00abenfermedades profesionales\u00bb las dolencias que padecen a consecuencia de su trabajo, as\u00ed como la reducci\u00f3n de la edad de jubilaci\u00f3n y la recuperaci\u00f3n de la gesti\u00f3n p\u00fablica del servicio que prestan.<\/p>\n\n\n\n<p>\u00abTodas tenemos lesiones de espalda, hernias discales o tendinitis\u00bb, se\u00f1al\u00f3 Teresa Villar, cuidadora jubilada, \u00abqueremos unos derechos m\u00ednimos como cualquier otro trabajador, el sector sociosanitario a domicilio, a diferencia de las que trabajan en residencias, padecemos una exclusi\u00f3n de hecho y queremos que esa discriminaci\u00f3n deje de producirse\u00bb.<\/p>\n\n\n\n<p>Carmen Diego, procedente de Gij\u00f3n y con m\u00e1s de 32 a\u00f1os de experiencia en la atenci\u00f3n a domicilio, asegur\u00f3 que el sector se encuentra \u00aben la precariedad absoluta\u00bb y que sus enfermedades profesionales est\u00e1n \u00abcamufladas\u00bb, no se les reconocen.<\/p>\n\n\n\n<p>Ambas participan en una acampada desde el pasado 1 de noviembre frente a la sede del ministerio de Trabajo para pedir una reuni\u00f3n con la ministra Yolanda D\u00edaz.<\/p>\n\n\n\n<p>Esa reuni\u00f3n iba a producirse el pasado lunes 15 de noviembre pero las afectadas decidieron cancelarla ante las condiciones que les plante\u00f3 el jefe de gabinete.<\/p>\n\n\n\n<p>\u00abEra una reuni\u00f3n vac\u00eda de contenido, sin hoja de ruta y sin puntos en el calendario y a cambio nos ped\u00edan levantar la acampada\u00bb, se\u00f1ala Villar: \u00abLe dijimos que no est\u00e1bamos ah\u00ed para hacernos una foto\u00bb.<\/p>\n\n\n\n<p>Las manifestantes consideran que en gran medida la precariedad que padecen se debe a \u00abla privatizaci\u00f3n\u00bb del servicio p\u00fablico que prestan y que contempla la Ley de Dependencia. Entre las asistentes hab\u00eda trabajadoras de grandes grupos como Clece o Sacyr que se resist\u00edan a dar sus nombres por miedo a las represalias.<\/p>\n\n\n\n<p>\u00abEs un servicio p\u00fablico pero la gesti\u00f3n es privada y al licitar las empresas se ven obligadas a pujar a la baja para conseguir el contrato, lo que se traduce en una mala calidad del servicio y en malas condiciones de trabajo para nosotras\u00bb, explica Villar.<\/p>\n\n\n\n<p>Elena, procedente de Valladolid, asegur\u00f3 que est\u00e1n \u00abmuy mal pagadas\u00bb y que su trabajo es cada d\u00eda m\u00e1s duro. \u00abHemos estado en primera l\u00ednea en la pandemia y no nos sentimos reconocidas\u00bb, ha lamentado.<\/p>\n\n\n\n<h6 class=\"wp-block-heading\">\u00bfPor qu\u00e9 no podemos tener sueldos dignos en Espa\u00f1a? \u00bfTan complicad\u00edsimo es? \u00bfNo trabajamos lo suficiente? \u00a1Siguen subiendo los precios pero los salarios se mantienen congelados durante a\u00f1os! Si esto sigue as\u00ed \u00bfcomo vamos a vivir los pr\u00f3ximos a\u00f1os?.<\/h6>\n","protected":false},"excerpt":{"rendered":"<p>Al menos medio millar de cuidadoras dom\u00e9sticas han protestado este domingo en una manifestaci\u00f3n contra la precariedad del sector.<\/p>\n","protected":false},"author":2,"featured_media":5506,"comment_status":"open","ping_status":"open","sticky":false,"template":"","format":"standard","meta":{"footnotes":""},"categories":[66],"tags":[2797,2798,1016,2285,514],"class_list":["post-5505","post","type-post","status-publish","format-standard","has-post-thumbnail","hentry","category-noticias-actualidad","tag-cuidadoras","tag-domesticas","tag-precariedad","tag-protestan","tag-sector"],"amp_enabled":true,"_links":{"self":[{"href":"https:\/\/sucurriculum.com\/noticias\/wp-json\/wp\/v2\/posts\/5505","targetHints":{"allow":["GET"]}}],"collection":[{"href":"https:\/\/sucurriculum.com\/noticias\/wp-json\/wp\/v2\/posts"}],"about":[{"href":"https:\/\/sucurriculum.com\/noticias\/wp-json\/wp\/v2\/types\/post"}],"author":[{"embeddable":true,"href":"https:\/\/sucurriculum.com\/noticias\/wp-json\/wp\/v2\/users\/2"}],"replies":[{"embeddable":true,"href":"https:\/\/sucurriculum.com\/noticias\/wp-json\/wp\/v2\/comments?post=5505"}],"version-history":[{"count":1,"href":"https:\/\/sucurriculum.com\/noticias\/wp-json\/wp\/v2\/posts\/5505\/revisions"}],"predecessor-version":[{"id":5507,"href":"https:\/\/sucurriculum.com\/noticias\/wp-json\/wp\/v2\/posts\/5505\/revisions\/5507"}],"wp:featuredmedia":[{"embeddable":true,"href":"https:\/\/sucurriculum.com\/noticias\/wp-json\/wp\/v2\/media\/5506"}],"wp:attachment":[{"href":"https:\/\/sucurriculum.com\/noticias\/wp-json\/wp\/v2\/media?parent=5505"}],"wp:term":[{"taxonomy":"category","embeddable":true,"href":"https:\/\/sucurriculum.com\/noticias\/wp-json\/wp\/v2\/categories?post=5505"},{"taxonomy":"post_tag","embeddable":true,"href":"https:\/\/sucurriculum.com\/noticias\/wp-json\/wp\/v2\/tags?post=5505"}],"curies":[{"name":"wp","href":"https:\/\/api.w.org\/{rel}","templated":true}]}}